{"id":7132,"date":"2024-11-14T07:50:01","date_gmt":"2024-11-14T07:50:01","guid":{"rendered":"https:\/\/247stiri.ro\/index.php\/2024\/11\/14\/silviu-prigoana-era-sa-isi-piarda-viata-la-doar-21-de-ani-cum-a-ramas-fara-un-picior-un-anestezist-inconstient-l-a-bagat-in-coma\/"},"modified":"2024-11-14T07:50:01","modified_gmt":"2024-11-14T07:50:01","slug":"silviu-prigoana-era-sa-isi-piarda-viata-la-doar-21-de-ani-cum-a-ramas-fara-un-picior-un-anestezist-inconstient-l-a-bagat-in-coma","status":"publish","type":"post","link":"https:\/\/247stiri.ro\/index.php\/2024\/11\/14\/silviu-prigoana-era-sa-isi-piarda-viata-la-doar-21-de-ani-cum-a-ramas-fara-un-picior-un-anestezist-inconstient-l-a-bagat-in-coma\/","title":{"rendered":"Silviu Prigoan\u0103 era s\u0103 \u00ee\u0219i piard\u0103 via\u021ba la doar 21 de ani: cum a r\u0103mas f\u0103r\u0103 un picior. Un anestezist incon\u0219tient l-a b\u0103gat \u00een com\u0103"},"content":{"rendered":"<p>\u00cen urma accidentului de munc\u0103 care l-a l\u0103sat f\u0103r\u0103 un picior, Silviu Prigoan\u0103 a intrat \u00een moarte clinic\u0103. Asta, pentru c\u0103 anestezistul i-a gre\u0219it doza. \u00cen perioada respectiv\u0103, afaceristul lucra ca frigotehnist la o fabric\u0103 din Gherla, jude\u021bul Cluj, \u0219i c\u0103zuse \u00eentr-o ma\u0219in\u0103 de tocat.\u00a0<\/p>\n<p>\u201eEu cand mi am taiat piciorul aveam 21 de ani si tata a stat cu mine doua luni in spital. Eu cand mi am revenit din prima operatie tata era brunet si a doua zi dimineata avea parul alb si credeam ca are parul alb. Ce soc a avut tata intr-o noapte a imbatranit.\u00a0<\/p>\n<p><a href=\"https:\/\/www.realitatea.net\/stiri\/actual\/cum-sa-pregatit-silviu-prigoana-pentru-moarte-omul-de-afaceri-siar-fi-presimtit-sfarsitul-si-ar-fi-avut-o-lista-de-dorinte-care-sa-fie-implinite_6735997404bd547d534ec433\" target=\"_blank\">Cum s-a preg\u0103tit Silviu Prigoan\u0103 pentru moarte. Omul de afaceri \u0219i-ar fi presim\u021bit sf\u00e2r\u0219itul \u0219i ar fi avut o LIST\u0102 de dorin\u021be care s\u0103 fie \u00eemplinite<\/a><\/p>\n<p>Aveam priciorul prins intr-o masina de tocat , da da da se chinuiau sa dea piciorul inapoi. I- am spus medicului da-mi mie , ii era frica sa vina sa mi taie piciorul si mi-am taiat eu singur tendonul.<\/p>\n<p>Am avut trei operatii trei anestezii Nu aveau sa imi faca anestezie decat o data la luna si ei imi faceau saptamanal. Ultima data anestezisul a dat o de gard. Opt zile am fost in moarte clinica. Eram tanar si mi-am revenit\u201d a povestit omul de afaceri \u00een cadrul unui podcast.<\/p>\n<p><a href=\"https:\/\/www.realitatea.net\/stiri\/monden\/abia-acum-sa-aflat-motivul-pentru-care-silviu-prigoana-a-purtat-timp-de-15-ani-doar-haine-negre-ce-etnie-si-religie-avea-afaceristul_6734a0aa8d38a4696538ff33\" target=\"_blank\">Abia acum s-a aflat! Motivul pentru care Silviu Prigoan\u0103 a purtat timp de 15 ani doar haine negre. Ce etnie \u0219i religie avea afaceristul<\/a><\/p>","protected":false},"excerpt":{"rendered":"<p>\u00cen urma accidentului de munc\u0103 care l-a l\u0103sat f\u0103r\u0103 un picior, Silviu Prigoan\u0103 a intrat&hellip;<\/p>\n","protected":false},"author":0,"featured_media":7115,"comment_status":"open","ping_status":"open","sticky":false,"template":"","format":"standard","meta":{"footnotes":""},"categories":[2],"tags":[],"class_list":["post-7132","post","type-post","status-publish","format-standard","has-post-thumbnail","hentry","category-actual"],"_links":{"self":[{"href":"https:\/\/247stiri.ro\/index.php\/wp-json\/wp\/v2\/posts\/7132","targetHints":{"allow":["GET"]}}],"collection":[{"href":"https:\/\/247stiri.ro\/index.php\/wp-json\/wp\/v2\/posts"}],"about":[{"href":"https:\/\/247stiri.ro\/index.php\/wp-json\/wp\/v2\/types\/post"}],"replies":[{"embeddable":true,"href":"https:\/\/247stiri.ro\/index.php\/wp-json\/wp\/v2\/comments?post=7132"}],"version-history":[{"count":0,"href":"https:\/\/247stiri.ro\/index.php\/wp-json\/wp\/v2\/posts\/7132\/revisions"}],"wp:featuredmedia":[{"embeddable":true,"href":"https:\/\/247stiri.ro\/index.php\/wp-json\/wp\/v2\/media\/7115"}],"wp:attachment":[{"href":"https:\/\/247stiri.ro\/index.php\/wp-json\/wp\/v2\/media?parent=7132"}],"wp:term":[{"taxonomy":"category","embeddable":true,"href":"https:\/\/247stiri.ro\/index.php\/wp-json\/wp\/v2\/categories?post=7132"},{"taxonomy":"post_tag","embeddable":true,"href":"https:\/\/247stiri.ro\/index.php\/wp-json\/wp\/v2\/tags?post=7132"}],"curies":[{"name":"wp","href":"https:\/\/api.w.org\/{rel}","templated":true}]}}