{"id":7235,"date":"2024-11-14T11:51:28","date_gmt":"2024-11-14T11:51:28","guid":{"rendered":"https:\/\/247stiri.ro\/index.php\/2024\/11\/14\/george-simion-apel-pentru-recunoasterea-bisericii-ortodoxe-romane-din-ucraina\/"},"modified":"2024-11-14T11:51:28","modified_gmt":"2024-11-14T11:51:28","slug":"george-simion-apel-pentru-recunoasterea-bisericii-ortodoxe-romane-din-ucraina","status":"publish","type":"post","link":"https:\/\/247stiri.ro\/index.php\/2024\/11\/14\/george-simion-apel-pentru-recunoasterea-bisericii-ortodoxe-romane-din-ucraina\/","title":{"rendered":"George Simion, apel pentru recunoa\u0219terea Bisericii Ortodoxe Rom\u00e2ne din Ucraina"},"content":{"rendered":"<p>&#8222;Fac un apel public c\u0103tre Prim-ministrul Rom\u00e2niei, domnul Marcel Ciolacu, \u0219i c\u0103tre Pre\u0219edintele Rom\u00e2niei, domnul Klaus Iohannis, s\u0103 intervin\u0103 pe l\u00e2ng\u0103 Pre\u0219edintele Ucrainei, domnul Volodimir Zelenski, \u0219i pe l\u00e2ng\u0103 pre\u0219edintele Cabinetului de Mini\u0219tri al Ucrainei, Denis \u0218mygal, \u00een vederea recunoa\u0219terii oficiale \u0219i \u00eenregistr\u0103rii juridice a Bisericii Ortodoxe Rom\u00e2ne din Ucraina, garant\u00e2nd astfel drepturile etnicilor rom\u00e2ni din aceast\u0103 \u021bar\u0103 la exprimarea liber\u0103 a credin\u021bei \u0219i la p\u0103strarea identit\u0103\u021bii lor.<\/p>\n<p>Pe 29 februarie 2024, Sf\u00e2ntul Sinod al Bisericii Ortodoxe Rom\u00e2ne a adoptat o hot\u0103r\u00e2re prin care binecuv\u00e2nta, \u00eencuraja \u0219i sus\u021binea ini\u021biativele comunit\u0103\u021bilor ortodoxe rom\u00e2ne\u0219ti din Ucraina de a restabili comuniunea cu Patriarhia Rom\u00e2n\u0103, prin organizarea lor juridic\u0103 \u00een structura religioas\u0103 denumit\u0103 \u201eBiserica Ortodox\u0103 Rom\u00e2n\u0103 din Ucraina\u201d. Aceasta nu este doar o expresie a identit\u0103\u021bii religioase, ci \u0219i a dreptului legitim al etnicilor rom\u00e2ni din Ucraina de a-\u0219i p\u0103stra tradi\u021biile, cultura \u0219i limba.<\/p>\n<p>Pe 25 august 2024, la Cern\u0103u\u021bi, a avut loc adunarea de constituire a Bisericii Ortodoxe Rom\u00e2ne din Ucraina, iar la 28 august 2024 aceasta a solicitat \u00eenregistrarea sa juridic\u0103 de c\u0103tre Serviciul de Stat pentru Etnopolitic\u0103 \u0219i Libertatea de Con\u0219tiin\u021b\u0103 din cadrul Guvernului Ucrainei.<\/p>\n<p>Amintesc c\u0103 art. 13, alin. 6 al Tratatului cu privire la rela\u021biile de bun\u0103 vecin\u0103tate \u0219i cooperare dintre Rom\u00e2nia \u015fi Ucraina, din 2 februarie 1997: \u201eP\u0103r\u021bile contractante recunosc c\u0103, \u00een exercitarea dreptului la asociere, persoanele apar\u0163in\u00e2nd acestor minorit\u0103\u021bi na\u021bionale pot \u00eenfiin\u021ba \u0219i men\u021bine, \u00een conformitate cu legisla\u021bia intern\u0103, propriile organiza\u021bii, asocia\u021bii, precum \u0219i institu\u021bii sau a\u0219ez\u0103minte de \u00eenv\u0103\u021b\u0103m\u00e2nt, culturale \u0219i religioase\u201d.<\/p>\n<p>\u00cen septembrie 2024, Consiliul Na\u021bional al Rom\u00e2nilor din Ucraina (CNRU), organiza\u021bia care reprezint\u0103 rom\u00e2nii din Ucraina, a f\u0103cut un apel public pentru urgentarea procesului de trecere a comunit\u0103\u021bilor ortodoxe rom\u00e2ne\u0219ti din Ucraina sub obl\u0103duirea Bisericii Ortodoxe Rom\u00e2ne.<\/p>\n<p>La 27 septembrie 2024, sfid\u00e2nd normele legale din Ucraina, Serviciul de Stat pentru Etnopolitic\u0103 \u0219i Libertatea de Con\u0219tiin\u021b\u0103 de la Kiev a f\u0103cut cunoscut refuzul de a \u00eenregistra juridic Biserica Ortodox\u0103 din Ucraina, sub pretextul necesit\u0103\u021bii organiz\u0103rii unor consult\u0103ri extinse cu oameni de \u0219tiin\u021b\u0103.<\/p>\n<p>Pe 22 octombrie, potrivit informa\u021biilor din spa\u021biul public, au avut loc discu\u021bii la Bucure\u0219ti \u00eentre oficiali rom\u00e2ni \u0219i ucraineni pentru a rezolva situa\u021bia a circa 200 de preo\u021bi \u0219i a sutelor de mii de rom\u00e2ni din Ucraina care \u00ee\u0219i doresc slujbe \u00een limba matern\u0103. Trei zile mai t\u00e2rziu, pe 25 octombrie, dup\u0103 o \u00eent\u00e2lnire \u00eentre trimisul Ucrainei la Bucure\u0219ti \u0219i un reprezentant al Bisericii Ortodoxe Rom\u00e2ne, Sinodul Patriarhiei Rom\u00e2ne, condus de Preafericitul P\u0103rinte Patriarh Daniel, a atras aten\u021bia asupra faptului c\u0103 autorit\u0103\u021bile ucrainene am\u00e2n\u0103 nejustificat recunoa\u0219terea juridic\u0103 a Bisericii Ortodoxe Rom\u00e2ne din Ucraina.<\/p>\n<p>Aceast\u0103 tergiversare inexplicabil\u0103 este o piedic\u0103 major\u0103 \u00een respectarea drepturilor rom\u00e2nilor din Ucraina. Aceast\u0103 am\u00e2nare nejustificat\u0103 din partea autorit\u0103\u021bilor ucrainene este regretabil\u0103, av\u00e2nd \u00een vedere c\u0103 toate condi\u021biile legale sunt \u00eendeplinite. Este esen\u021bial ca autorit\u0103\u021bile rom\u00e2ne s\u0103 intensifice demersurile pentru a solu\u021biona aceast\u0103 situa\u021bie care afecteaz\u0103 sute de mii de cet\u0103\u021beni rom\u00e2ni din Ucraina, prin\u0219i \u00een tensiunile religioase \u0219i culturale din aceast\u0103 \u021bar\u0103.<\/p>\n<p>Pentru a proteja comunitatea rom\u00e2neasc\u0103 din Ucraina, solicit domnilor Marcel Ciolacu \u0219i Klaus Iohannis s\u0103 fac\u0103 un demers oficial c\u0103tre domnul Volodimir Zelenski \u0219i c\u0103tre domnul Denis \u0218mygal pentru \u00eenregistrarea juridic\u0103 a Bisericii Ortodoxe Rom\u00e2ne din Ucraina. Recunoa\u0219terea acestei institu\u021bii religioase este nu doar o chestiune de identitate cultural\u0103 \u0219i de respectare a drepturilor omului, ci \u0219i un act necesar de dreptate \u0219i respect fa\u021b\u0103 de o comunitate numeroas\u0103 de rom\u00e2ni ce are dreptul s\u0103-\u0219i p\u0103streze limba, credin\u021ba, valorile \u0219i tradi\u021biile&#8221;, sus\u021bine George Simion, \u00eentr-un comunicat.\u00a0<\/p>\n<p>CMF 31240006<\/p>","protected":false},"excerpt":{"rendered":"<p>&#8222;Fac un apel public c\u0103tre Prim-ministrul Rom\u00e2niei, domnul Marcel Ciolacu, \u0219i c\u0103tre Pre\u0219edintele Rom\u00e2niei, domnul&hellip;<\/p>\n","protected":false},"author":0,"featured_media":7233,"comment_status":"open","ping_status":"open","sticky":false,"template":"","format":"standard","meta":{"footnotes":""},"categories":[3],"tags":[],"class_list":["post-7235","post","type-post","status-publish","format-standard","has-post-thumbnail","hentry","category-politica"],"_links":{"self":[{"href":"https:\/\/247stiri.ro\/index.php\/wp-json\/wp\/v2\/posts\/7235","targetHints":{"allow":["GET"]}}],"collection":[{"href":"https:\/\/247stiri.ro\/index.php\/wp-json\/wp\/v2\/posts"}],"about":[{"href":"https:\/\/247stiri.ro\/index.php\/wp-json\/wp\/v2\/types\/post"}],"replies":[{"embeddable":true,"href":"https:\/\/247stiri.ro\/index.php\/wp-json\/wp\/v2\/comments?post=7235"}],"version-history":[{"count":0,"href":"https:\/\/247stiri.ro\/index.php\/wp-json\/wp\/v2\/posts\/7235\/revisions"}],"wp:featuredmedia":[{"embeddable":true,"href":"https:\/\/247stiri.ro\/index.php\/wp-json\/wp\/v2\/media\/7233"}],"wp:attachment":[{"href":"https:\/\/247stiri.ro\/index.php\/wp-json\/wp\/v2\/media?parent=7235"}],"wp:term":[{"taxonomy":"category","embeddable":true,"href":"https:\/\/247stiri.ro\/index.php\/wp-json\/wp\/v2\/categories?post=7235"},{"taxonomy":"post_tag","embeddable":true,"href":"https:\/\/247stiri.ro\/index.php\/wp-json\/wp\/v2\/tags?post=7235"}],"curies":[{"name":"wp","href":"https:\/\/api.w.org\/{rel}","templated":true}]}}