{"id":7239,"date":"2024-11-14T11:51:29","date_gmt":"2024-11-14T11:51:29","guid":{"rendered":"https:\/\/247stiri.ro\/index.php\/2024\/11\/14\/silviu-prigoana-a-fost-inmormantat-comunicatul-oficial-al-familiei-indoliate\/"},"modified":"2024-11-14T11:51:29","modified_gmt":"2024-11-14T11:51:29","slug":"silviu-prigoana-a-fost-inmormantat-comunicatul-oficial-al-familiei-indoliate","status":"publish","type":"post","link":"https:\/\/247stiri.ro\/index.php\/2024\/11\/14\/silviu-prigoana-a-fost-inmormantat-comunicatul-oficial-al-familiei-indoliate\/","title":{"rendered":"Silviu Prigoan\u0103 a fost \u00ceNMORM\u00c2NTAT. Comunicatul OFICIAL al familiei \u00eendoliate"},"content":{"rendered":"<p>&#8222;Profund \u00eendurera\u021bi, anun\u021b\u0103m ca trupul ne\u00eensufle\u021bit al tat\u0103lui nostru, Silviu Prigoan\u0103, a fost depus \u00een cavoul familiei din Cimitirul Evanghelic Lutheran din Bucure\u0219ti\u00a0(\u0219oseaua Giurgiului nr. 4).\u00a0<\/p>\n<p>Ceremonia s-a desf\u0103\u0219urat \u00eentr-un cadru restr\u00e2ns, de familie, conform cu dorin\u021ba tat\u0103lui nostru.<\/p>\n<p>Mul\u021bumim pentru mesajele de condolean\u021be, sus\u021binere \u0219i empatie &#8211; pe care le-am primit \u00een aceste zile \u0219i datorit\u0103 c\u0103rora sim\u021bim c\u0103 nu suntem singuri \u00een acest moment greu.<\/p>\n<p><a title=\"De ce s-a vaccinat Silviu Prigoana anti-Covid? Dezvaluirile socante facute la ultima sa prezenta in emisiunea Ancai Alexandrescu - VIDEO\" href=\"https:\/\/www.realitatea.net\/stiri\/actual\/de-ce-sa-vaccinat-silviu-prigoana-anticovid-dezvaluirile-socante-facute-la-ultima-sa-prezenta-in-emisiunea-ancai-alexandrescu-video_6735b2fd21df2f3d840d30e3\">De ce s-a vaccinat Silviu Prigoan\u0103 anti-Covid? Dezv\u0103luirile \u0219ocante f\u0103cute la ultima sa prezen\u021b\u0103 \u00een emisiunea Anc\u0103i Alexandrescu &#8211; VIDEO<\/a><\/p>\n<p>Trecut \u00een nefiin\u021b\u0103 \u00een urma unui infarct miocardic, Silviu Prigoan\u0103 las\u0103 \u00een urm\u0103 nenum\u0103rate fapte \u0219i amintiri luminoase, pe care noi, cei patru fii ai s\u0103i, vom \u00eencerca \u00eentotdeauna s\u0103 le onor\u0103m&#8221;, au transmis fii omului de afaceri, Honorius, Silvius Maximus \u0219i Eduard Prigoan\u0103.<\/p>\n<p><a title=\"Filmul mortii lui Silviu Prigoana: greselile fatale. Medicul a ajuns la caz dupa 22 de minute\" href=\"https:\/\/www.realitatea.net\/stiri\/actual\/filmul-mortii-lui-silviu-prigoana-greselile-fatale-medicul-a-ajuns-la-caz-dupa-22-de-minute_6735b1be3f10a3629b372278\">Filmul mor\u021bii lui Silviu Prigoan\u0103: gre\u0219elile fatale. Medicul a ajuns la caz dup\u0103 22 de minute<\/a><\/p>\n<p>\u00a0<\/p>","protected":false},"excerpt":{"rendered":"<p>&#8222;Profund \u00eendurera\u021bi, anun\u021b\u0103m ca trupul ne\u00eensufle\u021bit al tat\u0103lui nostru, Silviu Prigoan\u0103, a fost depus \u00een&hellip;<\/p>\n","protected":false},"author":0,"featured_media":7240,"comment_status":"open","ping_status":"open","sticky":false,"template":"","format":"standard","meta":{"footnotes":""},"categories":[2],"tags":[],"class_list":["post-7239","post","type-post","status-publish","format-standard","has-post-thumbnail","hentry","category-actual"],"_links":{"self":[{"href":"https:\/\/247stiri.ro\/index.php\/wp-json\/wp\/v2\/posts\/7239","targetHints":{"allow":["GET"]}}],"collection":[{"href":"https:\/\/247stiri.ro\/index.php\/wp-json\/wp\/v2\/posts"}],"about":[{"href":"https:\/\/247stiri.ro\/index.php\/wp-json\/wp\/v2\/types\/post"}],"replies":[{"embeddable":true,"href":"https:\/\/247stiri.ro\/index.php\/wp-json\/wp\/v2\/comments?post=7239"}],"version-history":[{"count":0,"href":"https:\/\/247stiri.ro\/index.php\/wp-json\/wp\/v2\/posts\/7239\/revisions"}],"wp:featuredmedia":[{"embeddable":true,"href":"https:\/\/247stiri.ro\/index.php\/wp-json\/wp\/v2\/media\/7240"}],"wp:attachment":[{"href":"https:\/\/247stiri.ro\/index.php\/wp-json\/wp\/v2\/media?parent=7239"}],"wp:term":[{"taxonomy":"category","embeddable":true,"href":"https:\/\/247stiri.ro\/index.php\/wp-json\/wp\/v2\/categories?post=7239"},{"taxonomy":"post_tag","embeddable":true,"href":"https:\/\/247stiri.ro\/index.php\/wp-json\/wp\/v2\/tags?post=7239"}],"curies":[{"name":"wp","href":"https:\/\/api.w.org\/{rel}","templated":true}]}}