{"id":7267,"date":"2024-11-14T12:57:02","date_gmt":"2024-11-14T12:57:02","guid":{"rendered":"https:\/\/247stiri.ro\/index.php\/2024\/11\/14\/iohannis-situatia-de-securitate-din-regiune-este-profund-afectata-de-razboiul-rusiei-impotriva-ucrainei\/"},"modified":"2024-11-14T12:57:02","modified_gmt":"2024-11-14T12:57:02","slug":"iohannis-situatia-de-securitate-din-regiune-este-profund-afectata-de-razboiul-rusiei-impotriva-ucrainei","status":"publish","type":"post","link":"https:\/\/247stiri.ro\/index.php\/2024\/11\/14\/iohannis-situatia-de-securitate-din-regiune-este-profund-afectata-de-razboiul-rusiei-impotriva-ucrainei\/","title":{"rendered":"Iohannis: Situa\u021bia de securitate din regiune este profund afectat\u0103 de r\u0103zboiul Rusiei \u00eempotriva Ucrainei\u00a0"},"content":{"rendered":"<p>Mesajul a fost prezentat de c\u0103tre Ion Opri\u015for, consilier Preziden\u0163ial la Departamentul Securit\u0103\u0163ii Na\u0163ionale.<\/p>\n<p>&#8222;De-a lungul timpului, destinul Colegiului Na\u0163ional Militar &#8222;\u015etefan cel Mare&#8221; s-a \u00eempletit cu cel al Rom\u00e2niei, fiind marcat de evenimentele tumultuoase \u015fi, de cele mai multe ori, tragice din perioada 1940-1945, evenimente care au dus la mutarea succesiv\u0103 a liceului, la acea vreme, \u00een mai multe garnizoane din \u0163ar\u0103 \u015fi, \u00een cele din urm\u0103, la desfiin\u0163area institu\u0163iei, \u00een mai 1945&#8243;, a spus \u015feful statului.<\/p>\n<p>El a ar\u0103tat c\u0103 re\u00eenfiin\u0163area liceului, \u00een septembrie 1953, \u015fi reprimirea numelui marelui voievod &#8222;\u015etefan cel Mare&#8221; \u00een anul 1954 &#8222;au constituit acte reparatorii semnificative pentru recunoa\u015fterea meritelor \u015fi a importan\u0163ei acestei institu\u0163ii de \u00eenv\u0103\u0163\u0103m\u00e2nt militar, precum \u015fi momente-cheie \u00een refacerea \u015fi, ulterior, \u00een dezvoltarea \u00eentregului sistem de \u00eenv\u0103\u0163\u0103m\u00e2nt militar&#8221;.<\/p>\n<p>Astfel, \u015feful statului a apreciat c\u0103 \u00een prezent Colegiul Na\u0163ional Militar &#8222;\u015etefan cel Mare&#8221; este o institu\u0163ie de \u00eenv\u0103\u0163\u0103m\u00e2nt preuniversitar modern\u0103, cu un colectiv profesoral \u015fi de cadre dedicat form\u0103rii \u015fi educ\u0103rii tinerei genera\u0163ii, care are la dispozi\u0163ie o baz\u0103 material\u0103 diversificat\u0103 \u015fi adaptat\u0103 noilor cerin\u0163e educa\u0163ionale specifice domeniului militar.<\/p>\n<p>Iohannis s-a adresat \u015fi elevilor Colegiului, subliniind c\u0103 ei sunt cei c\u0103rora Rom\u00e2nia le va \u00eencredin\u0163a \u00een viitor misiunea de a-i garanta suveranitatea, independen\u0163a \u015fi unitatea statului, integritatea teritorial\u0103 \u015fi democra\u0163ia constitu\u0163ional\u0103.<\/p>\n<p>&#8222;Nu este o responsabilitate u\u015foar\u0103, cu at\u00e2t mai mult cu c\u00e2t situa\u0163ia de securitate din regiune este, \u00een prezent, profund afectat\u0103 de r\u0103zboiul de agresiune dus de Federa\u0163ia Rus\u0103 \u00eempotriva Ucrainei \u015fi de riscurile \u015fi amenin\u0163\u0103rile generate de acesta la adresa stabilit\u0103\u0163ii \u0163\u0103rii noastre, a regiunii \u015fi a \u00eentregii zone euroatlantice. Sunt convins c\u0103 v\u0103 ve\u0163i dovedi demni de curajul \u015fi hot\u0103r\u00e2rea demonstrate de \u00eenainta\u015fii no\u015ftri. V\u0103 \u00eendemn s\u0103 \u00eenv\u0103\u0163a\u0163i c\u00e2t mai mult din modul exemplar \u00een care s-au comportat veteranii de r\u0103zboi \u015fi cei din teatrele de opera\u0163ii, reale modele de urmat&#8221;, a punctat \u015feful statului.<\/p>\n<p>Klaus Iohannis a amintit c\u0103 a conferit Ordinul Na\u0163ional &#8222;Pentru Merit&#8221; \u00een grad de Cavaler Drapelului de Lupt\u0103 al Colegiului Na\u0163ional Militar &#8222;\u015etefan cel Mare&#8221; \u015fi de asemenea, a acordat Ordinul &#8222;Meritul pentru \u00cenv\u0103\u0163\u0103m\u00e2nt&#8221; \u00een grad de Cavaler pentru cinci cadre didactice.\u00a0<\/p>\n<p>\u00a0<\/p>","protected":false},"excerpt":{"rendered":"<p>Mesajul a fost prezentat de c\u0103tre Ion Opri\u015for, consilier Preziden\u0163ial la Departamentul Securit\u0103\u0163ii Na\u0163ionale. &#8222;De-a&hellip;<\/p>\n","protected":false},"author":0,"featured_media":7266,"comment_status":"open","ping_status":"open","sticky":false,"template":"","format":"standard","meta":{"footnotes":""},"categories":[3],"tags":[],"class_list":["post-7267","post","type-post","status-publish","format-standard","has-post-thumbnail","hentry","category-politica"],"_links":{"self":[{"href":"https:\/\/247stiri.ro\/index.php\/wp-json\/wp\/v2\/posts\/7267","targetHints":{"allow":["GET"]}}],"collection":[{"href":"https:\/\/247stiri.ro\/index.php\/wp-json\/wp\/v2\/posts"}],"about":[{"href":"https:\/\/247stiri.ro\/index.php\/wp-json\/wp\/v2\/types\/post"}],"replies":[{"embeddable":true,"href":"https:\/\/247stiri.ro\/index.php\/wp-json\/wp\/v2\/comments?post=7267"}],"version-history":[{"count":0,"href":"https:\/\/247stiri.ro\/index.php\/wp-json\/wp\/v2\/posts\/7267\/revisions"}],"wp:featuredmedia":[{"embeddable":true,"href":"https:\/\/247stiri.ro\/index.php\/wp-json\/wp\/v2\/media\/7266"}],"wp:attachment":[{"href":"https:\/\/247stiri.ro\/index.php\/wp-json\/wp\/v2\/media?parent=7267"}],"wp:term":[{"taxonomy":"category","embeddable":true,"href":"https:\/\/247stiri.ro\/index.php\/wp-json\/wp\/v2\/categories?post=7267"},{"taxonomy":"post_tag","embeddable":true,"href":"https:\/\/247stiri.ro\/index.php\/wp-json\/wp\/v2\/tags?post=7267"}],"curies":[{"name":"wp","href":"https:\/\/api.w.org\/{rel}","templated":true}]}}