{"id":7311,"date":"2024-11-14T14:47:56","date_gmt":"2024-11-14T14:47:56","guid":{"rendered":"https:\/\/247stiri.ro\/index.php\/2024\/11\/14\/ministrul-economiei-are-in-plan-modernizarea-fabricii-de-arme-de-la-cugir-vor-fi-modernizate-liniile-de-productie-a-munitiei-standard-nato\/"},"modified":"2024-11-14T14:47:56","modified_gmt":"2024-11-14T14:47:56","slug":"ministrul-economiei-are-in-plan-modernizarea-fabricii-de-arme-de-la-cugir-vor-fi-modernizate-liniile-de-productie-a-munitiei-standard-nato","status":"publish","type":"post","link":"https:\/\/247stiri.ro\/index.php\/2024\/11\/14\/ministrul-economiei-are-in-plan-modernizarea-fabricii-de-arme-de-la-cugir-vor-fi-modernizate-liniile-de-productie-a-munitiei-standard-nato\/","title":{"rendered":"Ministrul Economiei are \u00een plan modernizarea Fabricii de Arme de la Cugir. \u201eVor fi modernizate liniile de produc\u0163ie a muni\u0163iei standard NATO\u201d"},"content":{"rendered":"<p>&#8222;Uzina Mecanic\u0103 Cugir a reu\u015fit s\u0103 cheltuiasc\u0103 banii pe care i-au avut, 130 milioane de lei, \u00een ultimii doi ani, astfel \u00eenc\u00e2t s\u0103 \u00eenceap\u0103 lucr\u0103rile pentru consolidarea unei hale noi de produc\u0163ie, unde vor fi liniile modernizate de produc\u0163ie a muni\u0163iei standard NATO \u015fi, \u00een acela\u015fi timp, s\u0103 fac\u0103 investi\u0163ii \u00een capacit\u0103\u0163i noi. \u00cen acela\u015fi timp, la Fabrica de Arme au fost acelea\u015fi sume de bani, 130 milioane de lei sunt \u00een conturile fabricii. Trebuiau s\u0103 \u00eenceap\u0103 un program de modernizare a unei hale. Din p\u0103cate, am constatat c\u0103 nu s-a \u00eent\u00e2mplat nimic, lucru care ne-a dus la consolidarea deciziei de a schimba managementul. Ast\u0103zi, cu surprindere am aflat c\u0103 nu mai aveau nici m\u0103car conturile deschise pe platforma de licita\u0163ii publice&#8221;, a declarat ministrul \u015etefan-Radu Oprea, invitat joi la un eveniment aniversar organizat de UM Cugir, la 225 de ani de la \u00eenfiin\u0163area uzinei din localitate.Anterior vizitei demnitarului, la Fabrica de Arme Cugir a avut loc joi diminea\u0163a un protest, prilej cu care liderul Sindicatului &#8222;Ap\u0103rarea&#8221;, Ioan Neagu, a solicitat demisia ministrului Economiei, pe care l-a acuzat c\u0103 ar fi de vin\u0103 pentru pierderea unui acord cu o companie german\u0103.&#8221;Nu s-a mai \u00eent\u00e2mplat (\u00eencheierea contractului de c\u0103tre Fabrica de Arme &#8211; n.r.) nu din cauza noastr\u0103, ci din cauza manevrelor pe care actualul ministru al Economiei le-a f\u0103cut, lu\u00e2nd firma \u015fi mut\u00e2nd-o la alt\u0103 firm\u0103, dup\u0103 bunul plac al s\u0103u. Din 2002, s-a \u00eenceput tatonarea cu mai multe firme de profil. Printre ele era \u015fi Hecker&amp;Koch, firm\u0103 care p\u00e2n\u0103 anul \u0103sta, \u00een martie, c\u00e2nd actualul ministru a f\u0103cut o vizit\u0103 \u00een Germania, la \u00eentoarcere s-a spus &#8216;continu\u0103m \u015fi vom face demersurile s\u0103 se semneze acordul cu una dintre cele dou\u0103 firme&#8217;. (&#8230;) \u00cen 22, 23 aprilie semneaz\u0103 acordul cu firma Hecker&amp;Koch cu UMC-ul. Asta sun\u0103, domnule ministru, a trafic de influen\u0163\u0103 \u015fi miroase de departe. Ai luat speran\u0163a \u015fi viitorul Fabricii de Arme \u015fi l-ai dat dup\u0103 bunul t\u0103u plac unei firme care nu are experien\u0163a armelor u\u015foare de infanterie, a\u015fa cum are Fabrica de Arme&#8221;, a sus\u0163inut liderul de sindicat.Ulterior, directorul UM Cugir, Mircea Trifan, a spus c\u0103 cei de la firma german\u0103 au hot\u0103r\u00e2t s\u0103 vin\u0103 la aceast\u0103 societate &#8222;dup\u0103 ce au v\u0103zut condi\u0163iile de-aici&#8221;.<\/p>\n<p><a title=\"Super-pusca de asalt realizata la Cugir se afla in ultima faza de omologare. Trage si 600 de gloante pe minut\" href=\"https:\/\/www.realitatea.net\/stiri\/actual\/superpusca-de-asalt-realizata-la-cugir-se-afla-in-ultima-faza-de-omologare-trage-si-600-de-gloante-pe-minut_65bbc8bd42047f445d5ee832\">Super-pu\u0219ca de asalt realizat\u0103 la Cugir se afl\u0103 \u00een ultima faz\u0103 de omologare. Trage \u0219i 600 de gloan\u021be pe minut<\/a>\u00cen ceea ce \u00eel prive\u015fte pe ministru, acesta a spus c\u0103 a vorbit joi at\u00e2t cu sindicatele, c\u00e2t \u015fi cu actuala conducere a Fabricii de Arme.&#8221;Principala grij\u0103 pe care o avem \u00een acest moment la Fabrica de Arme este s\u0103 g\u0103sim solu\u0163iile ca \u015fi \u00een ianuarie, \u015fi \u00een februarie, \u015fi \u00een martie s\u0103 poat\u0103 s\u0103 fie nucleul \u015fi to\u0163i banii la timp pentru plata salariilor \u015fi \u00een acela\u015fi timp s\u0103 acceler\u0103m procesul de modernizare al fabricii&#8221;, a spus ministrul Economiei.Oprea a explicat c\u0103 Fabrica de Arme a avut foarte mult\u0103 vreme un contract foarte bun cu un partener din SUA, dar care de vreun an de zile nu mai func\u0163ioneaz\u0103. &#8222;Au sc\u0103zut comenzile treptat. Am vorbit cu vechea conducere. Le-am spus c\u0103, din punct de vedere al conducerii afacerilor, nu este o decizie \u00een\u0163eleapt\u0103 de business s\u0103 ai un singur client. Niciodat\u0103 nu trebuie s\u0103 r\u0103m\u00e2i cu un singur produs \u015fi cu un singur client. Ei ar fi trebuit s\u0103 se diversifice. (&#8230;) De aceea am \u015fi venit cu finan\u0163are s\u0103 poat\u0103 s\u0103 investeasc\u0103 \u00eentr-o hal\u0103 nou\u0103, \u00een care, printr-un transfer de tehnologie, s\u0103 \u00eenceap\u0103 s\u0103 produc\u0103 arme standard NATO. Nu s-a \u00eent\u00e2mplat. Am lut decizia de a schimba managementul&#8221;, a argumentat ministrul Economiei.Acesta a mai men\u0163ionat c\u0103 simte &#8222;o anumit\u0103 competi\u0163ie \u00eentre cele dou\u0103 fabrici&#8221; din Cugir, punct\u00e2nd c\u0103 \u00ee\u015fi dore\u015fte s\u0103 fie &#8222;doar o competi\u0163ie constructiv\u0103&#8221;.&#8221;Eu cred c\u0103 \u00eentr-un orizont de timp care nu o s\u0103 treac\u0103 de anul viitor, \u015fi la UM Cugir \u015fi la Fabrica de Arme vom vedea c\u0103 \u00eencep proiectele pentru armele fabricate \u00een Rom\u00e2nia pentru dotarea ministerelor de for\u0163\u0103 din Rom\u00e2nia cu arme la standard NATO&#8221;, a mai spus ministrul Economiei.<\/p>\n<p>Uzina din Cugir a fost \u00eenfiin\u0163at\u0103 \u00een 1799, \u00een timpul Imperiului Habsburgic, sub denumirea de Fabrica de Fier \u015fi O\u0163el. \u00cen 2004, societatea s-a \u00eemp\u0103r\u0163it \u00een UM Cugir \u015fi Fabrica de Arme.\u00a0<\/p>\n<p><a title=\"Protest la fabrica de arme. Sute de angajati in strada, inainte de sarbatori\" href=\"https:\/\/www.realitatea.net\/stiri\/actual\/protest-la-fabrica-de-arme-sute-de-angajati-in-strada_6735facd22340b65e0609e56\">Protest la fabrica de arme. Sute de angaja\u021bi \u00een strad\u0103, \u00eenainte de s\u0103rb\u0103tori<\/a><\/p>","protected":false},"excerpt":{"rendered":"<p>&#8222;Uzina Mecanic\u0103 Cugir a reu\u015fit s\u0103 cheltuiasc\u0103 banii pe care i-au avut, 130 milioane de&hellip;<\/p>\n","protected":false},"author":0,"featured_media":7312,"comment_status":"open","ping_status":"open","sticky":false,"template":"","format":"standard","meta":{"footnotes":""},"categories":[2],"tags":[],"class_list":["post-7311","post","type-post","status-publish","format-standard","has-post-thumbnail","hentry","category-actual"],"_links":{"self":[{"href":"https:\/\/247stiri.ro\/index.php\/wp-json\/wp\/v2\/posts\/7311","targetHints":{"allow":["GET"]}}],"collection":[{"href":"https:\/\/247stiri.ro\/index.php\/wp-json\/wp\/v2\/posts"}],"about":[{"href":"https:\/\/247stiri.ro\/index.php\/wp-json\/wp\/v2\/types\/post"}],"replies":[{"embeddable":true,"href":"https:\/\/247stiri.ro\/index.php\/wp-json\/wp\/v2\/comments?post=7311"}],"version-history":[{"count":0,"href":"https:\/\/247stiri.ro\/index.php\/wp-json\/wp\/v2\/posts\/7311\/revisions"}],"wp:featuredmedia":[{"embeddable":true,"href":"https:\/\/247stiri.ro\/index.php\/wp-json\/wp\/v2\/media\/7312"}],"wp:attachment":[{"href":"https:\/\/247stiri.ro\/index.php\/wp-json\/wp\/v2\/media?parent=7311"}],"wp:term":[{"taxonomy":"category","embeddable":true,"href":"https:\/\/247stiri.ro\/index.php\/wp-json\/wp\/v2\/categories?post=7311"},{"taxonomy":"post_tag","embeddable":true,"href":"https:\/\/247stiri.ro\/index.php\/wp-json\/wp\/v2\/tags?post=7311"}],"curies":[{"name":"wp","href":"https:\/\/api.w.org\/{rel}","templated":true}]}}