{"id":7348,"date":"2024-11-14T16:44:48","date_gmt":"2024-11-14T16:44:48","guid":{"rendered":"https:\/\/247stiri.ro\/index.php\/2024\/11\/14\/mihaela-neagu-reactioneaza-si-asteapta-scuzele-lui-allen-coliban-primarul-brasovului\/"},"modified":"2024-11-14T16:44:48","modified_gmt":"2024-11-14T16:44:48","slug":"mihaela-neagu-reactioneaza-si-asteapta-scuzele-lui-allen-coliban-primarul-brasovului","status":"publish","type":"post","link":"https:\/\/247stiri.ro\/index.php\/2024\/11\/14\/mihaela-neagu-reactioneaza-si-asteapta-scuzele-lui-allen-coliban-primarul-brasovului\/","title":{"rendered":"Mihaela Neagu reac\u021bioneaz\u0103 \u0219i a\u0219teapt\u0103 scuzele lui Allen Coliban, primarul Bra\u0219ovului"},"content":{"rendered":"<p>\u201cStimate domnule Allen Coliban, p\u00e2n\u0103 unde pute\u021bi merge cu acuzele lansate \u00een spa\u021biul public, av\u00e2nd \u00een vedere c\u0103 exist\u0103 documente care demonstreaz\u0103 c\u0103 tot ceea ce afirma\u021bi \u00een social media, \u00een ceea ce m\u0103 prive\u0219te, sunt doar acuze f\u0103r\u0103 temei?<\/p>\n<p>\u00centr-o postare avut\u0103 recent pe Facebook, m-a\u021bi acuzat c\u0103 am cump\u0103rat \u00een mod ilegal Fabrica de Zah\u0103r de la Bod. A\u021bi min\u021bit \u00een cuno\u0219tin\u021b\u0103 de cauz\u0103 \u0219i m-a\u021bi atacat, probabil, doar pentru c\u0103 sunt femeie, pentru c\u0103 alt\u0103 explica\u021bie nu g\u0103sesc \u00een acest moment. M\u0103 \u00eentreb, totu\u0219i, dac\u0103 eram so\u021bia, sora sau fiica dumneavoastr\u0103, tot la fel a\u021bi fi min\u021bit?! Cu toate c\u0103 nu candidez \u0219i nu sunt membr\u0103 a niciunui partid, am parte de atacuri nefondate din partea unor politicieni, care nici m\u0103car nu se informeaz\u0103 \u00eenainte \u0219i prefer\u0103 s\u0103 arunce \u00een spa\u021biul public cu tot felul de mizerii, doar pentru c\u0103 asta a devenit un mod de atac la mod\u0103 \u0219i nimeni nu-i trage la r\u0103spundere.<\/p>\n<p>\u00a0\u00a0\u00a0\u00a0\u00a0\u00a0\u00a0\u00a0\u00a0 V\u0103 anun\u021b c\u0103 eu \u0219tiu s\u0103 m\u0103 ap\u0103r \u0219i vin cu urm\u0103toarele preciz\u0103ri at\u00e2t pentru dumneavoastr\u0103, c\u00e2t \u0219i pentru orice persoan\u0103 interesat\u0103 de subiect: pe 23 ianuarie 2021 am participat la o licita\u021bie public\u0103 al\u0103turi de alte 4 companii pentru un teren (nicidecum pentru Fabrica de la Bod), teren care are adresa \u00een Strada Fabricii nr. 1 din localitatea Bod, jude\u021bul Bra\u0219ov, \u0219i pe care se afla o sta\u021bie de epurare, magazii, un dispensar, o cl\u0103dire loto \u0219i unde sunt, cumulat, aproximativ 315.000 mp.<\/p>\n<p>Nu exista pe acest teren nicio fabric\u0103, a\u0219a cum a\u021bi afirmat dumneavoastr\u0103 c\u0103 a\u0219 fi cump\u0103rat fabrica de la Bod la pre\u021bul de 2 euro\/mp&#8230; c\u00e2t pre\u021bul unei \u201dcase din centru\u201d. Terenul respectiv a fost achizi\u021bionat a\u0219a cum este trecut \u00een Procesul Verbal de licita\u021bie, pe care \u00eel fac public odat\u0103 cu acest r\u0103spuns (link \u00een primul comentariu\ud83d\udc47), la pre\u021bul de 3,2 euro\/mp, \u0219i unde am fost \u00een competi\u021bie cu alte 4 societ\u0103\u021bi a\u0219a cum reiese clar din document. Nu este nicidecum treaba mea c\u0103 dumneavoastr\u0103 a\u021bi fi vrut s\u0103 participa\u021bi la aceast\u0103 licita\u021bie \u0219i a\u021bi \u00eent\u00e2mpinat probleme \u00een interiorul Prim\u0103riei&#8230; pe care o conducea\u021bi. A\u0219adar, v\u0103 recomand s\u0103 spune\u021bi adev\u0103rul \u0219i s\u0103 nu lansa\u021bi astfel de zvonuri f\u0103r\u0103 temei.<\/p>\n<p>Nu am avut cuno\u0219tin\u021b\u0103 c\u0103 sunte\u021bi interesat \u0219i, chiar dac\u0103 a\u0219 fi avut, eu tot m\u0103 prezentam la aceast\u0103 licita\u021bie \u0219i a\u0219 fi depus, a\u0219a cum au f\u0103cut \u0219i celelalte companii, o ofert\u0103. Nu am pus m\u00e2na pe nicio fabric\u0103, a\u0219a cum \u00een mod inten\u021bionat min\u021bi\u021bi dumneavoastr\u0103, ci am depus oferta pentru un teren, a\u0219a cum au f\u0103cut \u0219i ceilal\u021bi participan\u021bi la licita\u021bie. Dac\u0103 ave\u021bi onoare, v\u0103 ve\u021bi corecta postarea, ve\u021bi studia Procesul Verbal de licita\u021bie \u0219i v\u0103 ve\u021bi cere scuze public pentru dezinformare \u0219i atac nefondat la adresa mea.<\/p>\n<p>Asemenea atacuri ar trebui sanc\u021bionate de c\u0103tre opinia public\u0103, c\u00e2t \u0219i de ONG-urile care se ocup\u0103 cu discriminarea \u00een Rom\u00e2nia, deoarece f\u0103r\u0103 o informare corect\u0103 \u0219i bazat\u0103 pe documente, femeile devin tot mai frecvent umilite public, \u00een mediul online \u0219i nu numai\u201d.<\/p>\n<p>\u00a0<\/p>","protected":false},"excerpt":{"rendered":"<p>\u201cStimate domnule Allen Coliban, p\u00e2n\u0103 unde pute\u021bi merge cu acuzele lansate \u00een spa\u021biul public, av\u00e2nd&hellip;<\/p>\n","protected":false},"author":0,"featured_media":7349,"comment_status":"open","ping_status":"open","sticky":false,"template":"","format":"standard","meta":{"footnotes":""},"categories":[2],"tags":[],"class_list":["post-7348","post","type-post","status-publish","format-standard","has-post-thumbnail","hentry","category-actual"],"_links":{"self":[{"href":"https:\/\/247stiri.ro\/index.php\/wp-json\/wp\/v2\/posts\/7348","targetHints":{"allow":["GET"]}}],"collection":[{"href":"https:\/\/247stiri.ro\/index.php\/wp-json\/wp\/v2\/posts"}],"about":[{"href":"https:\/\/247stiri.ro\/index.php\/wp-json\/wp\/v2\/types\/post"}],"replies":[{"embeddable":true,"href":"https:\/\/247stiri.ro\/index.php\/wp-json\/wp\/v2\/comments?post=7348"}],"version-history":[{"count":0,"href":"https:\/\/247stiri.ro\/index.php\/wp-json\/wp\/v2\/posts\/7348\/revisions"}],"wp:featuredmedia":[{"embeddable":true,"href":"https:\/\/247stiri.ro\/index.php\/wp-json\/wp\/v2\/media\/7349"}],"wp:attachment":[{"href":"https:\/\/247stiri.ro\/index.php\/wp-json\/wp\/v2\/media?parent=7348"}],"wp:term":[{"taxonomy":"category","embeddable":true,"href":"https:\/\/247stiri.ro\/index.php\/wp-json\/wp\/v2\/categories?post=7348"},{"taxonomy":"post_tag","embeddable":true,"href":"https:\/\/247stiri.ro\/index.php\/wp-json\/wp\/v2\/tags?post=7348"}],"curies":[{"name":"wp","href":"https:\/\/api.w.org\/{rel}","templated":true}]}}