{"id":7350,"date":"2024-11-14T16:44:48","date_gmt":"2024-11-14T16:44:48","guid":{"rendered":"https:\/\/247stiri.ro\/index.php\/2024\/11\/14\/onu-acuza-israelul-de-genocid-in-fasia-gaza-israelul-provoaca-in-mod-intentionat-moarte-foamete-si-rani-grave\/"},"modified":"2024-11-14T16:44:48","modified_gmt":"2024-11-14T16:44:48","slug":"onu-acuza-israelul-de-genocid-in-fasia-gaza-israelul-provoaca-in-mod-intentionat-moarte-foamete-si-rani-grave","status":"publish","type":"post","link":"https:\/\/247stiri.ro\/index.php\/2024\/11\/14\/onu-acuza-israelul-de-genocid-in-fasia-gaza-israelul-provoaca-in-mod-intentionat-moarte-foamete-si-rani-grave\/","title":{"rendered":"ONU acuz\u0103 Israelul de genocid \u00een F\u00e2\u0219ia Gaza: \u201eIsraelul provoac\u0103 \u00een mod inten\u021bionat moarte, foamete \u0219i r\u0103ni grave\u201d"},"content":{"rendered":"<p>Comitetul eviden\u021biaz\u0103 &#8222;pierderile civile masive \u0219i condi\u021biile impuse palestinienilor de acolo care le pun \u00een pericol via\u021ba \u00een mod inten\u021bionat&#8221;, \u00eentr-un raport care urmeaz\u0103 s\u0103 fie prezentat luni Adun\u0103rii Generale a ONU de la New York.<\/p>\n<p>Creat \u00een 1968 de Adunarea General\u0103 a ONU, acest comitet este responsabil cu anchetarea practicilor israeliene care afecteaz\u0103 drepturile omului \u00een teritoriile palestiniene ocupate.<\/p>\n<p>Raportul citat joi a analizat perioada de la atacul s\u00e2ngeros din 7 octombrie 2023 al mi\u0219c\u0103rii islamiste palestiniene Hamas \u00eempotriva Israelului \u0219i p\u00e2n\u0103 \u00een iulie a.c.<\/p>\n<p>&#8222;Prin asediul F\u00e2\u0219iei Gaza, prin obstruc\u021bionarea ajutorului umanitar, prin atacurile \u021bintite \u0219i prin uciderea civililor \u0219i a lucr\u0103torilor umanitari, \u00een ciuda apelurilor repetate din partea ONU, a dispozi\u021biilor obligatorii ale Cur\u021bii Interna\u021bionale de Justi\u021bie \u0219i a rezolu\u021biilor Consiliului de Securitate, Israelul provoac\u0103 \u00een mod inten\u021bionat moarte, foamete \u0219i r\u0103ni grave&#8221;, noteaz\u0103 comitetul \u00eentr-un comunicat.<\/p>\n<p>Israelul &#8222;folose\u0219te foametea ca metod\u0103 de r\u0103zboi \u0219i aplic\u0103 o pedeaps\u0103 colectiv\u0103 popula\u021biei palestiniene&#8221;, adaug\u0103 comitetul.<\/p>\n<p>Raportul consemneaz\u0103 c\u0103 vasta campanie de bombardamente desf\u0103\u0219urat\u0103 de Israel \u00een Gaza a decimat serviciile esen\u021biale \u0219i a declan\u0219at o catastrof\u0103 de mediu cu efecte de durat\u0103 asupra s\u0103n\u0103t\u0103\u021bii.<\/p>\n<p>P\u00e2n\u0103 \u00een februarie, for\u021bele israeliene au folosit peste 25.000 de tone de explozibil \u00een F\u00e2\u0219ia Gaza, &#8222;echivalentul a dou\u0103 bombe nucleare&#8221;, sau aproximativ de dou\u0103 ori bomba aruncat\u0103 asupra Hiroshimei, se subliniaz\u0103 \u00een raport.<\/p>\n<p>&#8222;Prin distrugerea sistemelor vitale de aprovizionare cu ap\u0103, salubritate \u0219i alimenta\u021bie \u0219i contaminarea mediului, Israelul a creat un amestec mortal de crize care vor provoca prejudicii grave genera\u021biilor viitoare&#8221;, denun\u021b\u0103 comitetul.<\/p>\n<p>Acesta se declar\u0103, de asemenea, &#8222;profund alarmat de distrugerea f\u0103r\u0103 precedent a infrastructurii civile \u0219i de num\u0103rul mare de mor\u021bi din Gaza&#8221;, unde peste 43.700 de persoane au murit de la \u00eenceputul r\u0103zboiului, potrivit Ministerului S\u0103n\u0103t\u0103\u021bii din teritoriu condus de Hamas.<\/p>\n<p>Num\u0103rul impresionant de decese ridic\u0103, potrivit comitetului, \u00eengrijor\u0103ri serioase cu privire la utilizarea de c\u0103tre Israel a sistemelor de \u021bintire cu inteligen\u021b\u0103 artificial\u0103 (IA).<\/p>\n<p>&#8222;Folosirea de c\u0103tre armata israelian\u0103 a sistemelor de \u021bintire asistate de IA, cu supervizare uman\u0103 minim\u0103, combinat\u0103 cu bombe grele, eviden\u021biaz\u0103 sfidarea de c\u0103tre Israel a obliga\u021biei sale de a face distinc\u021bia \u00eentre civili \u0219i combatan\u021bi \u0219i de a lua m\u0103suri de protec\u021bie adecvate pentru a evita moartea civililor&#8221;, se arat\u0103 \u00een raport.<\/p>\n<p>Comitetul este deosebit de \u00eengrijorat de informa\u021biile privind noile directive care reduc criteriile de selec\u021bie a \u021bintelor, ce par s\u0103 fi permis armatei s\u0103 foloseasc\u0103 sisteme cu IA pentru a &#8222;genera rapid zeci de mii de \u021binte, precum \u0219i s\u0103 urm\u0103reasc\u0103 \u021binte p\u00e2n\u0103 la locuin\u021bele lor, \u00een special noaptea, c\u00e2nd familiile se str\u00e2ng \u00eempreun\u0103&#8221;, mai noteaz\u0103 AFP.<\/p>","protected":false},"excerpt":{"rendered":"<p>Comitetul eviden\u021biaz\u0103 &#8222;pierderile civile masive \u0219i condi\u021biile impuse palestinienilor de acolo care le pun \u00een&hellip;<\/p>\n","protected":false},"author":0,"featured_media":7338,"comment_status":"open","ping_status":"open","sticky":false,"template":"","format":"standard","meta":{"footnotes":""},"categories":[2],"tags":[],"class_list":["post-7350","post","type-post","status-publish","format-standard","has-post-thumbnail","hentry","category-actual"],"_links":{"self":[{"href":"https:\/\/247stiri.ro\/index.php\/wp-json\/wp\/v2\/posts\/7350","targetHints":{"allow":["GET"]}}],"collection":[{"href":"https:\/\/247stiri.ro\/index.php\/wp-json\/wp\/v2\/posts"}],"about":[{"href":"https:\/\/247stiri.ro\/index.php\/wp-json\/wp\/v2\/types\/post"}],"replies":[{"embeddable":true,"href":"https:\/\/247stiri.ro\/index.php\/wp-json\/wp\/v2\/comments?post=7350"}],"version-history":[{"count":0,"href":"https:\/\/247stiri.ro\/index.php\/wp-json\/wp\/v2\/posts\/7350\/revisions"}],"wp:featuredmedia":[{"embeddable":true,"href":"https:\/\/247stiri.ro\/index.php\/wp-json\/wp\/v2\/media\/7338"}],"wp:attachment":[{"href":"https:\/\/247stiri.ro\/index.php\/wp-json\/wp\/v2\/media?parent=7350"}],"wp:term":[{"taxonomy":"category","embeddable":true,"href":"https:\/\/247stiri.ro\/index.php\/wp-json\/wp\/v2\/categories?post=7350"},{"taxonomy":"post_tag","embeddable":true,"href":"https:\/\/247stiri.ro\/index.php\/wp-json\/wp\/v2\/tags?post=7350"}],"curies":[{"name":"wp","href":"https:\/\/api.w.org\/{rel}","templated":true}]}}