{"id":7353,"date":"2024-11-14T16:44:49","date_gmt":"2024-11-14T16:44:49","guid":{"rendered":"https:\/\/247stiri.ro\/index.php\/2024\/11\/14\/amenda-uriasa-pentru-facebook-in-uniunea-europeana-de-la-ce-a-pornit-totul\/"},"modified":"2024-11-14T16:44:49","modified_gmt":"2024-11-14T16:44:49","slug":"amenda-uriasa-pentru-facebook-in-uniunea-europeana-de-la-ce-a-pornit-totul","status":"publish","type":"post","link":"https:\/\/247stiri.ro\/index.php\/2024\/11\/14\/amenda-uriasa-pentru-facebook-in-uniunea-europeana-de-la-ce-a-pornit-totul\/","title":{"rendered":"Amend\u0103 uria\u0219\u0103 pentru Facebook, \u00een Uniunea European\u0103. De la ce a pornit totul"},"content":{"rendered":"<p>Compania din spatele re\u021belei de socializare Facebook a primit o amend\u0103 de 798 de milioane de euro de la autorit\u0103\u021bile europene, a anun\u021bat joi, 14 noiembrie, Comisia European\u0103. Institu\u021bia a decis c\u0103 Meta a \u00eenc\u0103lcat regulile antitrust c\u00e2nd a legat serviciul s\u0103u de Facebook Marketplace de re\u021beaua de socializare.<\/p>\n<p>Meta Platforms Inc a primit o amend\u0103 de 797,72 de milioane de euro de la Comisie, conform unui comunicat. Aceasta este prima amend\u0103 pentru \u00eenc\u0103lcarea regulilor europene de pia\u021b\u0103 pe care o prime\u0219te gigantul american, transmite <a href=\"https:\/\/www.bloomberg.com\/news\/articles\/2024-11-14\/meta-fined-798-million-by-eu-over-abusing-classified-ads-dominance\" target=\"_blank\">Bloomberg<\/a>.<\/p>\n<p>\u00cen decizia sa f\u0103r\u0103 precedent, Comisia i-a ordonat corpora\u021biei s\u0103 se opreasc\u0103 din a lega serviciul de v\u00e2nz\u0103ri de re\u021beaua de socializare \u0219i s\u0103 se ab\u021bin\u0103 de la a impune condi\u021bii de comercializare nedrepte platformelor rivale de v\u00e2nz\u0103ri la m\u00e2na a doua.<\/p>\n<p>\u201eMeta \u0219i-a legat serviciul de mic\u0103 publicitate Facebook Marketplace de re\u021beaua sa de socializare personal\u0103 Facebook \u0219i a impus condi\u021bii nedrepte altor furnizori de servicii online de mic\u0103 publicitate. A f\u0103cut asta \u00een beneficiul propriului s\u0103u serviciu, Facebook Marketplace\u201d, a spus Margrethe Vestager, vicepre\u0219edinta executiv\u0103 a Comisiei responsabil\u0103 de politica de competi\u021bie.<\/p>\n<p>\u00a0<\/p>\n<p>Sanc\u021biunea se adaug\u0103 mai multor ve\u0219ti proaste pentru Meta. Un judec\u0103tor din Statele Unite a decis miercuri c\u0103 procesul antitrust intentat de Comisia Federal\u0103 pentru Comer\u021b poate continua \u00een faza de judecat\u0103. \u00cen acela\u0219i timp, realegerea lui Donald Trump \u00een func\u021bia de pre\u0219edinte al Statelor Unite a contribuit la propulsarea aplica\u021biei de socializare Bluesky \u00een v\u00e2rful magazinului de aplica\u021bii al Apple Inc. Bluesky este un competitor al Threads, dezvoltat de Meta.<\/p>\n<p>Trump s-a referit la Facebook ca fiind \u201eo inamic\u0103 a poporului\u201d acum opt luni \u0219i a sugerat c\u0103 directorul general, Mark Zuckerberg, ar trebui trimis la \u00eenchisoare, mai scrie Bloomberg.<\/p>\n<p>Vestager se afl\u0103 la sf\u00e2r\u0219itul mandatului, care se va termina \u00eenainte de finalul acestui an, iar amenda este probabil printre ultimele m\u0103suri pe care le ia. \u00cen ultimul deceniu, oficiala a fost unul dintre cei mai acerbi critici ai gigan\u021bilor tehnologici, aplic\u00e2nd amenzi pentru practici anticoncuren\u021biale \u00een valoare de miliarde de dolari. Printre sanc\u021biuni se num\u0103r\u0103 \u0219i cea de 8 miliarde de dolari aplicat\u0103 Google.<\/p>\n<p>Decizia Comisiei vine dup\u0103 o anchet\u0103 care a investigat modul \u00een care Meta se folose\u0219te de miliardele de utilizatori ai Facebook pentru a-\u0219i str\u00e2nge rivalii cu u\u0219a. Autorit\u0103\u021bile europene au mai spus c\u0103 Meta s-a folosit de datele platformelor rivale care \u00ee\u0219i f\u0103ceau reclam\u0103 pe Facebook pentru a-\u0219i promova propriul serviciu. Multina\u021bionala a promis c\u0103 va face apel \u00eempotriva deciziei, un proces care ar putea dura ani. Meta spune c\u0103 amenda \u201eignor\u0103 realit\u0103\u021bile unei pie\u021be europene \u00eenfloritoare\u201d.<\/p>","protected":false},"excerpt":{"rendered":"<p>Compania din spatele re\u021belei de socializare Facebook a primit o amend\u0103 de 798 de milioane&hellip;<\/p>\n","protected":false},"author":0,"featured_media":7342,"comment_status":"open","ping_status":"open","sticky":false,"template":"","format":"standard","meta":{"footnotes":""},"categories":[2],"tags":[],"class_list":["post-7353","post","type-post","status-publish","format-standard","has-post-thumbnail","hentry","category-actual"],"_links":{"self":[{"href":"https:\/\/247stiri.ro\/index.php\/wp-json\/wp\/v2\/posts\/7353","targetHints":{"allow":["GET"]}}],"collection":[{"href":"https:\/\/247stiri.ro\/index.php\/wp-json\/wp\/v2\/posts"}],"about":[{"href":"https:\/\/247stiri.ro\/index.php\/wp-json\/wp\/v2\/types\/post"}],"replies":[{"embeddable":true,"href":"https:\/\/247stiri.ro\/index.php\/wp-json\/wp\/v2\/comments?post=7353"}],"version-history":[{"count":0,"href":"https:\/\/247stiri.ro\/index.php\/wp-json\/wp\/v2\/posts\/7353\/revisions"}],"wp:featuredmedia":[{"embeddable":true,"href":"https:\/\/247stiri.ro\/index.php\/wp-json\/wp\/v2\/media\/7342"}],"wp:attachment":[{"href":"https:\/\/247stiri.ro\/index.php\/wp-json\/wp\/v2\/media?parent=7353"}],"wp:term":[{"taxonomy":"category","embeddable":true,"href":"https:\/\/247stiri.ro\/index.php\/wp-json\/wp\/v2\/categories?post=7353"},{"taxonomy":"post_tag","embeddable":true,"href":"https:\/\/247stiri.ro\/index.php\/wp-json\/wp\/v2\/tags?post=7353"}],"curies":[{"name":"wp","href":"https:\/\/api.w.org\/{rel}","templated":true}]}}