{"id":7370,"date":"2024-11-14T17:44:49","date_gmt":"2024-11-14T17:44:49","guid":{"rendered":"https:\/\/247stiri.ro\/index.php\/2024\/11\/14\/regele-charles-al-iii-lea-implineste-varsta-de-76-de-ani\/"},"modified":"2024-11-14T17:44:49","modified_gmt":"2024-11-14T17:44:49","slug":"regele-charles-al-iii-lea-implineste-varsta-de-76-de-ani","status":"publish","type":"post","link":"https:\/\/247stiri.ro\/index.php\/2024\/11\/14\/regele-charles-al-iii-lea-implineste-varsta-de-76-de-ani\/","title":{"rendered":"Regele Charles al III-lea \u00eempline\u015fte v\u00e2rsta de 76 de ani"},"content":{"rendered":"<p>\u00cen continuare foarte activ, regele \u015fi-a reluat angajamentele la sf\u00e2r\u015fitul lui aprilie, la dou\u0103 luni \u015fi jum\u0103tate dup\u0103 ce \u015fi-a anun\u0163at boala.<\/p>\n<p>\u201eProblema e s\u0103 \u00eencerci s\u0103-l opre\u015fti\u201d, a declarat \u00een mai multe r\u00e2nduri regina Camilla.<\/p>\n<p>\u00cen octombrie, cuplul \u015fi-a reluat vizitele \u00een str\u0103in\u0103tate, prin deplas\u0103ri \u00een Australia \u015fi Samoa, la summitul Commonwealth. Regele s-a \u00eentors \u201erevigorat\u201d potrivit anturajului s\u0103u, \u00een pofida numeroaselor angajamente din acest maraton de 11 zile la antipozi.<\/p>\n<p>El inten\u0163ioneaz\u0103 s\u0103 reia un \u201eritm norrnal\u201d al vizitelor \u00een str\u0103in\u0103tate anul viitor, potrivit unei surse de la palat.<\/p>\n<p>Cancerul nu i-a atins hot\u0103r\u00e2rea de \u201eservi c\u00e2t mai am de tr\u0103it\u201d, a\u015fa cum a declarat regele la moartea mamei sale, regina Elizabeth a II-a, la 8 septembrie 2022, dup\u0103 ce s-a preg\u0103tit pentru acest rorl timp de peste 70 de ani.<\/p>\n<p>Duminic\u0103, Charles a prezidat, \u00een frigul londonez, ceremoniile de comemorare a mor\u0163ilor \u00een r\u0103zboaie din 1914 \u00eencoace, un punct puternic \u00een fiecare an \u00een calendarul regal. Cu o zi mai \u00eenainte el s-a sdus \u00eempreun\u0103 cu William \u015fi prin\u0163esa Kate, care \u015fi-a \u00eencheiat recent terapia, la Royal Albert Hall la un concert comemorativ.<\/p>","protected":false},"excerpt":{"rendered":"<p>\u00cen continuare foarte activ, regele \u015fi-a reluat angajamentele la sf\u00e2r\u015fitul lui aprilie, la dou\u0103 luni&hellip;<\/p>\n","protected":false},"author":0,"featured_media":7361,"comment_status":"open","ping_status":"open","sticky":false,"template":"","format":"standard","meta":{"footnotes":""},"categories":[2],"tags":[],"class_list":["post-7370","post","type-post","status-publish","format-standard","has-post-thumbnail","hentry","category-actual"],"_links":{"self":[{"href":"https:\/\/247stiri.ro\/index.php\/wp-json\/wp\/v2\/posts\/7370","targetHints":{"allow":["GET"]}}],"collection":[{"href":"https:\/\/247stiri.ro\/index.php\/wp-json\/wp\/v2\/posts"}],"about":[{"href":"https:\/\/247stiri.ro\/index.php\/wp-json\/wp\/v2\/types\/post"}],"replies":[{"embeddable":true,"href":"https:\/\/247stiri.ro\/index.php\/wp-json\/wp\/v2\/comments?post=7370"}],"version-history":[{"count":0,"href":"https:\/\/247stiri.ro\/index.php\/wp-json\/wp\/v2\/posts\/7370\/revisions"}],"wp:featuredmedia":[{"embeddable":true,"href":"https:\/\/247stiri.ro\/index.php\/wp-json\/wp\/v2\/media\/7361"}],"wp:attachment":[{"href":"https:\/\/247stiri.ro\/index.php\/wp-json\/wp\/v2\/media?parent=7370"}],"wp:term":[{"taxonomy":"category","embeddable":true,"href":"https:\/\/247stiri.ro\/index.php\/wp-json\/wp\/v2\/categories?post=7370"},{"taxonomy":"post_tag","embeddable":true,"href":"https:\/\/247stiri.ro\/index.php\/wp-json\/wp\/v2\/tags?post=7370"}],"curies":[{"name":"wp","href":"https:\/\/api.w.org\/{rel}","templated":true}]}}