{"id":7374,"date":"2024-11-14T17:44:49","date_gmt":"2024-11-14T17:44:49","guid":{"rendered":"https:\/\/247stiri.ro\/index.php\/2024\/11\/14\/bataie-generalizata-la-fabrica-audi-din-bruxelles-de-la-ce-a-pornit-totul-video\/"},"modified":"2024-11-14T17:44:49","modified_gmt":"2024-11-14T17:44:49","slug":"bataie-generalizata-la-fabrica-audi-din-bruxelles-de-la-ce-a-pornit-totul-video","status":"publish","type":"post","link":"https:\/\/247stiri.ro\/index.php\/2024\/11\/14\/bataie-generalizata-la-fabrica-audi-din-bruxelles-de-la-ce-a-pornit-totul-video\/","title":{"rendered":"B\u0103taie generalizat\u0103 la fabrica Audi din Bruxelles. De la ce a pornit totul VIDEO"},"content":{"rendered":"<p>B\u0103rba\u021bi masca\u021bi au \u00eentrerupt discu\u021biile privind un plan de concediere pentru personalul uzinei\u00a0Audi\u00a0din Bruxelles, pe care produc\u0103torul auto german inten\u021bioneaz\u0103 s\u0103 o \u00eenchid\u0103.<\/p>\n<p>\u00a0<\/p>\n<p>Poli\u021bia a intervenit violent \u0219i a \u00eenl\u0103turat protestatarii, dup\u0103 ce revoltele au izbucnit la o fabric\u0103 apar\u021bin\u00e2nd produc\u0103torului german de automobile Audi din capitala belgian\u0103, Bruxelles. O \u00eenregistrare video de la fa\u021ba locului a ar\u0103tat ofi\u021beri cu bastoane \u0219i echipament anti-revolt\u0103 \u00eemping\u00e2nd demonstran\u021bii, care se pare c\u0103 erau angaja\u021bi ai uzinei.<\/p>\n<p>Aproximativ 150 de persoane, dintre care unele purtau m\u0103\u0219ti, au p\u0103truns \u00eentr-o camer\u0103 de negocieri \u00een timpul discu\u021biilor privind un plan de concediere \u00eentre sindicate \u0219i administra\u021bia fabricii, care este \u00eenchis\u0103, a declarat un purt\u0103tor de cuv\u00e2nt al Audi.<\/p>\n<p>Protestatarii au aprins tor\u021be \u0219i i-au \u00eempiedicat pe participan\u021bii la discu\u021bii s\u0103 p\u0103r\u0103seasc\u0103 incinta, a ad\u0103ugat oficialul Audi.<\/p>\n<p>Poli\u021bia a intervenit \u0219i i-a for\u021bat pe protestatari s\u0103 se disperseze, potrivit purt\u0103torului de cuv\u00e2nt, care a spus c\u0103 un membru al sindicatului a fost r\u0103nit u\u0219or \u00een lupt\u0103.<\/p>\n<p>La \u00eenceputul acestui an, Audi, care este o subsidiar\u0103 a Grupului Volkswagen,\u00a0a anun\u021bat c\u0103 va opri produc\u021bia de vehicule la fabrica din Bruxelles \u00een martie 2025.<\/p>\n<p>Fabrica se confrunt\u0103 acum cu \u00eenchiderea dup\u0103 ce nu a reu\u0219it s\u0103 g\u0103seasc\u0103 noi investitori, iar Volkswagen nu a putut g\u0103si o utilizare alternativ\u0103 pentru amplasament.<\/p>","protected":false},"excerpt":{"rendered":"<p>B\u0103rba\u021bi masca\u021bi au \u00eentrerupt discu\u021biile privind un plan de concediere pentru personalul uzinei\u00a0Audi\u00a0din Bruxelles, pe&hellip;<\/p>\n","protected":false},"author":0,"featured_media":7363,"comment_status":"open","ping_status":"open","sticky":false,"template":"","format":"standard","meta":{"footnotes":""},"categories":[2],"tags":[],"class_list":["post-7374","post","type-post","status-publish","format-standard","has-post-thumbnail","hentry","category-actual"],"_links":{"self":[{"href":"https:\/\/247stiri.ro\/index.php\/wp-json\/wp\/v2\/posts\/7374","targetHints":{"allow":["GET"]}}],"collection":[{"href":"https:\/\/247stiri.ro\/index.php\/wp-json\/wp\/v2\/posts"}],"about":[{"href":"https:\/\/247stiri.ro\/index.php\/wp-json\/wp\/v2\/types\/post"}],"replies":[{"embeddable":true,"href":"https:\/\/247stiri.ro\/index.php\/wp-json\/wp\/v2\/comments?post=7374"}],"version-history":[{"count":0,"href":"https:\/\/247stiri.ro\/index.php\/wp-json\/wp\/v2\/posts\/7374\/revisions"}],"wp:featuredmedia":[{"embeddable":true,"href":"https:\/\/247stiri.ro\/index.php\/wp-json\/wp\/v2\/media\/7363"}],"wp:attachment":[{"href":"https:\/\/247stiri.ro\/index.php\/wp-json\/wp\/v2\/media?parent=7374"}],"wp:term":[{"taxonomy":"category","embeddable":true,"href":"https:\/\/247stiri.ro\/index.php\/wp-json\/wp\/v2\/categories?post=7374"},{"taxonomy":"post_tag","embeddable":true,"href":"https:\/\/247stiri.ro\/index.php\/wp-json\/wp\/v2\/tags?post=7374"}],"curies":[{"name":"wp","href":"https:\/\/api.w.org\/{rel}","templated":true}]}}