{"id":7384,"date":"2024-11-14T19:03:54","date_gmt":"2024-11-14T19:03:54","guid":{"rendered":"https:\/\/247stiri.ro\/index.php\/2024\/11\/14\/controale-in-magazine-cum-vrea-statul-sa-opreasca-scumpirile-la-raft-anuntul-ministrului-agriculturii\/"},"modified":"2024-11-14T19:03:54","modified_gmt":"2024-11-14T19:03:54","slug":"controale-in-magazine-cum-vrea-statul-sa-opreasca-scumpirile-la-raft-anuntul-ministrului-agriculturii","status":"publish","type":"post","link":"https:\/\/247stiri.ro\/index.php\/2024\/11\/14\/controale-in-magazine-cum-vrea-statul-sa-opreasca-scumpirile-la-raft-anuntul-ministrului-agriculturii\/","title":{"rendered":"CONTROALE \u00een magazine: Cum vrea statul s\u0103 opreasc\u0103 scumpirile la raft &#8211; Anun\u021bul ministrului Agriculturii"},"content":{"rendered":"<p>Cei care aplic\u0103 un adaos prea mare ar putea fi sanc\u021biona\u021bi, iar Florin Barbu spune c\u0103 \u00een cazul \u00een care nu vor fi eliminate practicile neloiale la raft, statul va veni cu un act normativ de anul viitor.\u00a0<\/p>\n<p>\u201ePrimele m\u0103suri au fost luate ca, \u00een dou\u0103 s\u0103pt\u0103m\u00e2ni, Consiliul Concuren\u021bei s\u0103 ne aduc\u0103 pe anumite categorii de produse pe care Ministerul Agriculturii le are sesizate de c\u0103tre procesatorii rom\u00e2ni. Vorbim despre adaosurile comerciale pentru produsele procesate \u00een Rom\u00e2nia \u0219i pentru produsele care sunt importate din alte state. Avem acea ordonan\u021b\u0103 care a fost transpus\u0103 \u00een lege pentru cele 21 de categorii de produse de baz\u0103 consumate de rom\u00e2nii cu venituri mici \u0219i medii. E in vigoare pana la 31 decembrie.<\/p>\n<p>Vom monitoriza p\u00e2n\u0103 pe 31 decembrie toate aceste practici comerciale neloiale prezen\u021ba la raft a produselor rom\u00e2ne\u0219ti, dar si de listarea produselor rom\u00e2ne\u0219ti de c\u0103tre retaileri. \u00cen cazul \u00een care p\u00e2n\u0103 pe 31 decembrie din acest comitet de monitorizare reiese c\u0103 lucrurile nu intra \u00eentr-o normalitate, Ministerul va promova un act normativ cu putere deplin\u0103 astfel \u00eenc\u00e2t practicile comerciale neloiale s\u0103 fie eliminate total\u201d, a spus ministrul Agriculturii.<\/p>\n<p>\u00a0<\/p>","protected":false},"excerpt":{"rendered":"<p>Cei care aplic\u0103 un adaos prea mare ar putea fi sanc\u021biona\u021bi, iar Florin Barbu spune&hellip;<\/p>\n","protected":false},"author":0,"featured_media":7380,"comment_status":"open","ping_status":"open","sticky":false,"template":"","format":"standard","meta":{"footnotes":""},"categories":[2],"tags":[],"class_list":["post-7384","post","type-post","status-publish","format-standard","has-post-thumbnail","hentry","category-actual"],"_links":{"self":[{"href":"https:\/\/247stiri.ro\/index.php\/wp-json\/wp\/v2\/posts\/7384","targetHints":{"allow":["GET"]}}],"collection":[{"href":"https:\/\/247stiri.ro\/index.php\/wp-json\/wp\/v2\/posts"}],"about":[{"href":"https:\/\/247stiri.ro\/index.php\/wp-json\/wp\/v2\/types\/post"}],"replies":[{"embeddable":true,"href":"https:\/\/247stiri.ro\/index.php\/wp-json\/wp\/v2\/comments?post=7384"}],"version-history":[{"count":0,"href":"https:\/\/247stiri.ro\/index.php\/wp-json\/wp\/v2\/posts\/7384\/revisions"}],"wp:featuredmedia":[{"embeddable":true,"href":"https:\/\/247stiri.ro\/index.php\/wp-json\/wp\/v2\/media\/7380"}],"wp:attachment":[{"href":"https:\/\/247stiri.ro\/index.php\/wp-json\/wp\/v2\/media?parent=7384"}],"wp:term":[{"taxonomy":"category","embeddable":true,"href":"https:\/\/247stiri.ro\/index.php\/wp-json\/wp\/v2\/categories?post=7384"},{"taxonomy":"post_tag","embeddable":true,"href":"https:\/\/247stiri.ro\/index.php\/wp-json\/wp\/v2\/tags?post=7384"}],"curies":[{"name":"wp","href":"https:\/\/api.w.org\/{rel}","templated":true}]}}