{"id":7386,"date":"2024-11-14T19:03:54","date_gmt":"2024-11-14T19:03:54","guid":{"rendered":"https:\/\/247stiri.ro\/index.php\/2024\/11\/14\/ce-se-intampla-anul-viitor-cu-taxele-anuntul-ministrului-economiei\/"},"modified":"2024-11-14T19:03:54","modified_gmt":"2024-11-14T19:03:54","slug":"ce-se-intampla-anul-viitor-cu-taxele-anuntul-ministrului-economiei","status":"publish","type":"post","link":"https:\/\/247stiri.ro\/index.php\/2024\/11\/14\/ce-se-intampla-anul-viitor-cu-taxele-anuntul-ministrului-economiei\/","title":{"rendered":"Ce se \u00eent\u00e2mpl\u0103 anul viitor cu taxele. Anun\u021bul ministrului Economiei"},"content":{"rendered":"<p>Ministrul Economiei, Antreprenoriatului \u015fi Turismului, \u015etefan-Radu Oprea (PSD), a declarat, joi, la Alba Iulia, c\u0103 nu vor cre\u015fte taxele \u00een 2025.<\/p>\n<p>\u00a0<\/p>\n<p>\u201eEu cred c\u0103 cel mai important lucru care trebuie spus este c\u0103 anul viitor nu vor cre\u015fte taxele. \u015ei nu vor cre\u015fte pentru c\u0103 nu au nici o logic\u0103, nici o logic\u0103 economic\u0103, s\u0103 creasc\u0103, de exemplu, TVA-ul \u2013 cum mai aud diverse scenarii pe la televizor. Un punct procentul la TVA \u00eenseamn\u0103 0,5 puncte procentuale la infla\u0163ie \u015fi nimeni nu-\u015fi dore\u015fte lucrul acesta. Nu are logic\u0103 economic\u0103 s\u0103 se \u00eent\u00e2mple a\u015fa ceva. De aceea eu cred c\u0103 anul viitor, a\u015fa cum se spune \u00een repetate r\u00e2nduri de c\u0103tre cei care sunt \u00een pozi\u0163ia ast\u0103zi de a face proiec\u0163ia bugetar\u0103 pentru anul viitor, taxele nu vor cre\u015fte\u201d, le-a spus ministrul \u015etefan-Radu Oprea oamenilor de afaceri prezen\u0163i, joi, la cea de-a XXXI-a edi\u0163ie a \u201eTopului firmelor\u201d organizat de Camera de Comer\u0163 \u015fi Industrie Alba.<\/p>\n<p>\u00a0\u00a0\u00a0\u00a0\u00a0<\/p>\n<p>Totodat\u0103, ministrul Economiei a mai spus c\u0103 Rom\u00e2nia se dezvolt\u0103 ast\u0103zi pe investi\u0163ii.<\/p>\n<p>\u201e\u015ei dumneavoastr\u0103, mediul de afaceri, \u00een\u0163elege\u0163i mai bine ceea ce \u00eenseamn\u0103 c\u00e2nd ave\u0163i de f\u0103cut o investi\u0163ie, c\u0103 merge\u0163i la banc\u0103, lua\u0163i \u00eemprumutul pentru investi\u0163ia pe care o ave\u0163i de f\u0103cut \u015fi, dac\u0103 ea produce, cu certitudine ave\u0163i cum s\u0103 returna\u0163i banii c\u0103tre banc\u0103. La fel se \u00eent\u00e2mpl\u0103 \u015fi pentru un guvern, at\u00e2ta timp c\u00e2t banii merg \u00een investi\u0163ii, \u00een produc\u0163ie, nu merg \u00een concedii, nu merg \u00een alte zone. \u015ei acest lucru, ast\u0103zi, \u00een Rom\u00e2nia se \u00eent\u00e2mpl\u0103. Investim foarte mult. Investi\u0163iile vor fi peste 100 de miliarde, cu investi\u0163ii \u00een logistic\u0103, pentru c\u0103, \u00een afara finan\u0163\u0103rii de care ave\u0163i nevoie, \u015ftiu lucrul acesta, avem nevoie \u015fi de logistic\u0103 bun\u0103. Ca s\u0103 ne putem dezvolta, ca s\u0103 putem s\u0103 devenim campioni regionali, avem nevoie de logistic\u0103 bun\u0103\u201d, a afirmat Oprea.<\/p>\n<p>Oficialul a punctat c\u0103 asta \u00eensemn\u0103 investi\u0163ii \u00een autostr\u0103zi, \u00een c\u0103i ferate, \u00een Portul Constan\u0163a, \u00een re\u0163elele de energie electric\u0103.<\/p>\n<p>\u201e\u015ei eu cred c\u0103, din aceast\u0103 perspectiv\u0103, Rom\u00e2nia este pe un drum foarte bun, pentru c\u0103 avem o \u015fans\u0103 unic\u0103 ast\u0103zi, geografia ne este prieten\u0103, am devenit dintr-o \u0163ar\u0103 la limita Uniunii Europene, la grani\u0163\u0103, o \u0163ar\u0103 \u00een centrul Uniunii Europene\u201d, a opinat Radu-\u015etefan Oprea.<\/p>\n<p>Ministrul s-a referit \u015fi la raportul Draghi, despre care a spus c\u0103 este \u201enoua Biblie\u201d a Comisiei Europene.<\/p>\n<p>\u201eDac\u0103 ne uit\u0103m cu aten\u0163ie \u00een el, vedem c\u0103 reindustrializarea este \u015fansa Rom\u00e2niei, pentru c\u0103 avem o unicitate \u00een Uniunea European\u0103. Deci c\u00e2nd un investitor va alege pentru industriile energo-intensive un loc de a investi, dac\u0103 alege Europa, locul va fi doar Rom\u00e2nia\u201d, a sus\u0163inut ministrul Economiei.<\/p>\n<p>El a argumentat c\u0103, \u00een 2026-2030, energia din Rom\u00e2nia va fi verde \u00een totalitate, cu capacit\u0103\u0163i noi de produc\u0163ie care se pun \u00een func\u0163iune \u00eencep\u00e2nd cu 2026, cu gaz extras din Marea Neagr\u0103, cu posibilitatea de a aduce valoare ad\u0103ugat\u0103 acestui gaz \u00een Rom\u00e2nia.<\/p>\n<p>\u201eToate aceste ingrediente, dac\u0103 vre\u0163i, fac ca Rom\u00e2nia s\u0103 aib\u0103 \u015fans\u0103 unic\u0103 pentru reindustrializare \u015fi, dac\u0103 vor fi investi\u0163ii \u00een industria cimentului, \u00een industria siderurgic\u0103, \u00een industria sticlei, (\u2026) atunci singura destina\u0163ie a acestor capitaluri va fi Rom\u00e2nia. De aceea, eu cred c\u0103 avem aceast\u0103 \u015fans\u0103 \u00eempreun\u0103 de care trebuie s\u0103 profit\u0103m\u201d, a mai afirmat \u015etefan-Radu Oprea.<\/p>\n<p>Ministrul Economiei, Antreprenoriatului \u015fi Turismului a participat joi, \u00een jude\u0163ul Alba, \u015fi la un eveniment prilejuit de \u00eemplinirea a 225 de ani de la \u00eenfiin\u0163area uzinei din Cugir.<\/p>","protected":false},"excerpt":{"rendered":"<p>Ministrul Economiei, Antreprenoriatului \u015fi Turismului, \u015etefan-Radu Oprea (PSD), a declarat, joi, la Alba Iulia, c\u0103&hellip;<\/p>\n","protected":false},"author":0,"featured_media":7387,"comment_status":"open","ping_status":"open","sticky":false,"template":"","format":"standard","meta":{"footnotes":""},"categories":[2],"tags":[],"class_list":["post-7386","post","type-post","status-publish","format-standard","has-post-thumbnail","hentry","category-actual"],"_links":{"self":[{"href":"https:\/\/247stiri.ro\/index.php\/wp-json\/wp\/v2\/posts\/7386","targetHints":{"allow":["GET"]}}],"collection":[{"href":"https:\/\/247stiri.ro\/index.php\/wp-json\/wp\/v2\/posts"}],"about":[{"href":"https:\/\/247stiri.ro\/index.php\/wp-json\/wp\/v2\/types\/post"}],"replies":[{"embeddable":true,"href":"https:\/\/247stiri.ro\/index.php\/wp-json\/wp\/v2\/comments?post=7386"}],"version-history":[{"count":0,"href":"https:\/\/247stiri.ro\/index.php\/wp-json\/wp\/v2\/posts\/7386\/revisions"}],"wp:featuredmedia":[{"embeddable":true,"href":"https:\/\/247stiri.ro\/index.php\/wp-json\/wp\/v2\/media\/7387"}],"wp:attachment":[{"href":"https:\/\/247stiri.ro\/index.php\/wp-json\/wp\/v2\/media?parent=7386"}],"wp:term":[{"taxonomy":"category","embeddable":true,"href":"https:\/\/247stiri.ro\/index.php\/wp-json\/wp\/v2\/categories?post=7386"},{"taxonomy":"post_tag","embeddable":true,"href":"https:\/\/247stiri.ro\/index.php\/wp-json\/wp\/v2\/tags?post=7386"}],"curies":[{"name":"wp","href":"https:\/\/api.w.org\/{rel}","templated":true}]}}