{"id":7394,"date":"2024-11-14T19:44:48","date_gmt":"2024-11-14T19:44:48","guid":{"rendered":"https:\/\/247stiri.ro\/index.php\/2024\/11\/14\/alti-doi-romani-au-fost-gasiti-morti-in-spania-dupa-inundatii-numarul-victimelor-a-crescut-la-noua\/"},"modified":"2024-11-14T19:44:48","modified_gmt":"2024-11-14T19:44:48","slug":"alti-doi-romani-au-fost-gasiti-morti-in-spania-dupa-inundatii-numarul-victimelor-a-crescut-la-noua","status":"publish","type":"post","link":"https:\/\/247stiri.ro\/index.php\/2024\/11\/14\/alti-doi-romani-au-fost-gasiti-morti-in-spania-dupa-inundatii-numarul-victimelor-a-crescut-la-noua\/","title":{"rendered":"Al\u021bi DOI rom\u00e2ni au fost g\u0103si\u021bi mor\u021bi \u00een Spania, dup\u0103 inunda\u021bii! Num\u0103rul victimelor a crescut la nou\u0103"},"content":{"rendered":"<p>\u201e\u00cen continuarea comunic\u0103rilor privind situa\u021bia cet\u0103\u021benilor rom\u00e2ni din Comunitatea Valencian\u0103 &#8211; Regatul Spaniei, afecta\u021bi de inunda\u021bii, Ministerul Afacerilor Externe informeaz\u0103 c\u0103, potrivit informa\u021biilor confirmate de c\u0103tre autorit\u0103\u021bile spaniole, al\u021bi doi cet\u0103\u021beni rom\u00e2ni au fost identifica\u021bi ca fiind deceda\u021bi. Ministerul Afacerilor Externe transmite condolean\u021be familiilor \u00eendoliate\u201d, a transmis MAE.<\/p>\n<p>De asemenea, a mai precizat c\u0103, p\u00e2n\u0103 \u00een prezent, \u00een urma fenomenelor meteorologice care au afectat Regatul Spaniei, nou\u0103 cet\u0103\u021beni rom\u00e2ni au decedat. Restul persoanelor semnalate ca fiind disp\u0103rute au fost g\u0103site \u0219i sunt \u00een siguran\u021b\u0103.<\/p>\n<p>Reprezentan\u021bii Consulatului Rom\u00e2niei de la Castellon de la Plana continu\u0103 dialogul cu cet\u0103\u021benii rom\u00e2ni \u0219i r\u0103m\u00e2n preg\u0103ti\u021bi s\u0103 acorde asisten\u021b\u0103 consular\u0103, \u00een func\u021bie de solicit\u0103ri. De asemenea, Centrul logistic pentru asigurarea asisten\u021bei \u0219i protec\u021biei \u00een beneficiul cet\u0103\u021benilor rom\u00e2ni afecta\u021bi de fenomenele meteorologice recente, r\u0103m\u00e2ne \u00een continuare opera\u021bional \u0219i func\u021bioneaz\u0103 de luni p\u00e2n\u0103 vineri, \u00een intervalul orar 09-17, \u0219i s\u00e2mb\u0103t\u0103-duminic\u0103, \u00een intervalul orar 10.00-15.00, la adresa Plaza del Alfonso el Magnanimo num\u0103rul 12, Valencia.<\/p>\n<p>Reprezentan\u021bii misiunii diplomatice a Rom\u00e2niei la Madrid \u0219i ai oficiului consular r\u0103m\u00e2n \u00een contact permanent cu autorit\u0103\u021bile spaniole competente cu privire la cet\u0103\u021benii rom\u00e2ni afecta\u021bi de recentele fenomene meteorologice.<\/p>\n<p>Cet\u0103\u0163enii rom\u00e2ni pot solicita asisten\u0163\u0103 consular\u0103 la numerele de telefon ale Consulatului Rom\u00e2niei la Castell\u00f3n de la Plana: +34 964.203.331; +34 964.216.008; +34 964.217.836; +34 964.203.234; +34 964.216.172; +34.964.212.446, apelurile fiind redirec\u021bionate c\u0103tre Centrul de Contact \u0219i Suport al Cet\u0103\u0163enilor Rom\u00e2ni din Str\u0103in\u0103tate (CCSCRS) \u015fi preluate de c\u0103tre operatorii Call Center \u00een regim de permanen\u021b\u0103.<\/p>\n<p>De asemenea, cet\u0103\u0163enii rom\u00e2ni care se confrunt\u0103 cu o situa\u0163ie dificil\u0103, special\u0103, cu caracter de urgen\u0163\u0103, au la dispozi\u0163ie \u015fi telefonul de urgen\u021b\u0103 al Consulatului Rom\u00e2niei la Castell\u00f3n de la Plana: +34 677 842 467<\/p>","protected":false},"excerpt":{"rendered":"<p>\u201e\u00cen continuarea comunic\u0103rilor privind situa\u021bia cet\u0103\u021benilor rom\u00e2ni din Comunitatea Valencian\u0103 &#8211; Regatul Spaniei, afecta\u021bi de&hellip;<\/p>\n","protected":false},"author":0,"featured_media":7391,"comment_status":"open","ping_status":"open","sticky":false,"template":"","format":"standard","meta":{"footnotes":""},"categories":[2],"tags":[],"class_list":["post-7394","post","type-post","status-publish","format-standard","has-post-thumbnail","hentry","category-actual"],"_links":{"self":[{"href":"https:\/\/247stiri.ro\/index.php\/wp-json\/wp\/v2\/posts\/7394","targetHints":{"allow":["GET"]}}],"collection":[{"href":"https:\/\/247stiri.ro\/index.php\/wp-json\/wp\/v2\/posts"}],"about":[{"href":"https:\/\/247stiri.ro\/index.php\/wp-json\/wp\/v2\/types\/post"}],"replies":[{"embeddable":true,"href":"https:\/\/247stiri.ro\/index.php\/wp-json\/wp\/v2\/comments?post=7394"}],"version-history":[{"count":0,"href":"https:\/\/247stiri.ro\/index.php\/wp-json\/wp\/v2\/posts\/7394\/revisions"}],"wp:featuredmedia":[{"embeddable":true,"href":"https:\/\/247stiri.ro\/index.php\/wp-json\/wp\/v2\/media\/7391"}],"wp:attachment":[{"href":"https:\/\/247stiri.ro\/index.php\/wp-json\/wp\/v2\/media?parent=7394"}],"wp:term":[{"taxonomy":"category","embeddable":true,"href":"https:\/\/247stiri.ro\/index.php\/wp-json\/wp\/v2\/categories?post=7394"},{"taxonomy":"post_tag","embeddable":true,"href":"https:\/\/247stiri.ro\/index.php\/wp-json\/wp\/v2\/tags?post=7394"}],"curies":[{"name":"wp","href":"https:\/\/api.w.org\/{rel}","templated":true}]}}