{"id":7477,"date":"2024-11-15T08:00:27","date_gmt":"2024-11-15T08:00:27","guid":{"rendered":"https:\/\/247stiri.ro\/index.php\/2024\/11\/15\/incendiu-la-o-casa-din-costana-judetul-suceava-sapte-masini-de-pompieri-s-au-luptat-cu-flacarile-in-miezul-noptii\/"},"modified":"2024-11-15T08:00:27","modified_gmt":"2024-11-15T08:00:27","slug":"incendiu-la-o-casa-din-costana-judetul-suceava-sapte-masini-de-pompieri-s-au-luptat-cu-flacarile-in-miezul-noptii","status":"publish","type":"post","link":"https:\/\/247stiri.ro\/index.php\/2024\/11\/15\/incendiu-la-o-casa-din-costana-judetul-suceava-sapte-masini-de-pompieri-s-au-luptat-cu-flacarile-in-miezul-noptii\/","title":{"rendered":"Incendiu la o cas\u0103 din Cost\u00e2na, jude\u021bul Suceava. \u015eapte ma\u015fini de pompieri s-au luptat cu fl\u0103c\u0103rile \u00een miezul nop\u021bii"},"content":{"rendered":"<p>Potrivit acestora, au fost afectate at\u00e2t casa de locuit, c\u00e2t \u015fi buc\u0103t\u0103ria de var\u0103, dar \u015fi ad\u0103postul de animale din aceea\u015fi gospod\u0103rie.&#8221;Militarii Deta\u015famentului de pompieri Suceava, \u00eempreun\u0103 cu lucr\u0103tori ai Serviciilor voluntare pentru situa\u0163ii de urgen\u0163\u0103 Todire\u015fti, P\u0103tr\u0103u\u0163i, Cajvana \u015fi Boto\u015fana, au intervenit cu \u015fapte autospeciale de stingere \u015fi o ambulan\u0163\u0103 SMURD pentru localizarea \u015fi lichidarea unui incendiu izbucnit la o gospod\u0103rie din localitatea Cost\u00e2na. Incendiul a fost observat \u015fi anun\u0163at cu \u00eent\u00e2rziere, astfel \u00eenc\u00e2t la sosirea echipajelor, fl\u0103c\u0103rile se manifestau generalizat la anexele gospod\u0103re\u015fti, pe o suprafa\u0163\u0103 de aproximativ 150 de metri p\u0103tra\u0163i. De asemenea, focul era propagat la acoperi\u015ful locuin\u0163ei \u015fi la mansarda acesteia, pe o suprafa\u0163\u0103 de aproximativ 200 de metri p\u0103tra\u0163i, cu pericol de extindere la \u00eentreaga construc\u0163ie. Au ars ad\u0103postul de animale, buc\u0103t\u0103ria de var\u0103 \u015fi mansarda casei de locuit, cu bunuri din interior&#8221;, au precizat oficialii ISU.Incendiul a izbucnit din ad\u0103postul de animale, cel mai probabil din cauza unui scurtcircuit produs la aparate electrice l\u0103sate sub tensiune.<\/p>\n<p><a title=\"Drama uriasa! O femeie cu trei copii a ramas pe drumuri dupa un incendiu mistuitor\" href=\"https:\/\/www.realitatea.net\/stiri\/social\/drama-uriasa-o-femeie-cu-trei-copii-a-ramas-pe-drumuri-dupa-un-incendiu-mistuitor_6735b39621df2f3d840d30eb\">Dram\u0103 uria\u0219\u0103! O femeie cu trei copii a r\u0103mas pe drumuri dup\u0103 un incendiu mistuitor<\/a><\/p>","protected":false},"excerpt":{"rendered":"<p>Potrivit acestora, au fost afectate at\u00e2t casa de locuit, c\u00e2t \u015fi buc\u0103t\u0103ria de var\u0103, dar&hellip;<\/p>\n","protected":false},"author":0,"featured_media":7478,"comment_status":"open","ping_status":"open","sticky":false,"template":"","format":"standard","meta":{"footnotes":""},"categories":[2],"tags":[],"class_list":["post-7477","post","type-post","status-publish","format-standard","has-post-thumbnail","hentry","category-actual"],"_links":{"self":[{"href":"https:\/\/247stiri.ro\/index.php\/wp-json\/wp\/v2\/posts\/7477","targetHints":{"allow":["GET"]}}],"collection":[{"href":"https:\/\/247stiri.ro\/index.php\/wp-json\/wp\/v2\/posts"}],"about":[{"href":"https:\/\/247stiri.ro\/index.php\/wp-json\/wp\/v2\/types\/post"}],"replies":[{"embeddable":true,"href":"https:\/\/247stiri.ro\/index.php\/wp-json\/wp\/v2\/comments?post=7477"}],"version-history":[{"count":0,"href":"https:\/\/247stiri.ro\/index.php\/wp-json\/wp\/v2\/posts\/7477\/revisions"}],"wp:featuredmedia":[{"embeddable":true,"href":"https:\/\/247stiri.ro\/index.php\/wp-json\/wp\/v2\/media\/7478"}],"wp:attachment":[{"href":"https:\/\/247stiri.ro\/index.php\/wp-json\/wp\/v2\/media?parent=7477"}],"wp:term":[{"taxonomy":"category","embeddable":true,"href":"https:\/\/247stiri.ro\/index.php\/wp-json\/wp\/v2\/categories?post=7477"},{"taxonomy":"post_tag","embeddable":true,"href":"https:\/\/247stiri.ro\/index.php\/wp-json\/wp\/v2\/tags?post=7477"}],"curies":[{"name":"wp","href":"https:\/\/api.w.org\/{rel}","templated":true}]}}