{"id":7479,"date":"2024-11-15T08:00:27","date_gmt":"2024-11-15T08:00:27","guid":{"rendered":"https:\/\/247stiri.ro\/index.php\/2024\/11\/15\/guvernul-modifica-legislatia-privind-tratamentul-minorilor-dupa-cazul-mortal-de-la-targu-jiu-persoanele-sub-18-ani-pot-fi-tratate-de-orice-medic-in-caz-de-urgenta\/"},"modified":"2024-11-15T08:00:27","modified_gmt":"2024-11-15T08:00:27","slug":"guvernul-modifica-legislatia-privind-tratamentul-minorilor-dupa-cazul-mortal-de-la-targu-jiu-persoanele-sub-18-ani-pot-fi-tratate-de-orice-medic-in-caz-de-urgenta","status":"publish","type":"post","link":"https:\/\/247stiri.ro\/index.php\/2024\/11\/15\/guvernul-modifica-legislatia-privind-tratamentul-minorilor-dupa-cazul-mortal-de-la-targu-jiu-persoanele-sub-18-ani-pot-fi-tratate-de-orice-medic-in-caz-de-urgenta\/","title":{"rendered":"Guvernul modific\u0103 legisla\u021bia privind tratamentul minorilor, dup\u0103 cazul mortal de la T\u00e2rgu Jiu: Persoanele sub 18 ani pot fi tratate de orice medic, \u00een caz de urgen\u021b\u0103"},"content":{"rendered":"<p>Astfel, \u00een situa\u021bii de urgen\u021b\u0103 care le pun \u00een pericol via\u021ba, pacien\u021bii minori vor putea fi trata\u021bi de medici din alte specialit\u0103\u021bi dec\u00e2t cele pediatrice, dac\u0103 nu exist\u0103 medici specializa\u021bi disponibili \u0219i dac\u0103 transferul pacientului nu poate fi realizat \u00een timp util. M\u0103sura vine ca urmare tragicului incident petrecut recent la Spitalul Jude\u021bean de Urgen\u021b\u0103 (SJU) T\u00e2rgu Jiu, care a dus la decesul unui adolescent de 16 ani.<\/p>\n<p>Tragedia care a determinat schimbarea legisla\u021biei din Rom\u00e2nia<\/p>\n<p><a href=\"https:\/\/www.realitatea.net\/stiri\/actual\/medicul-de-garda-de-ka-spitalul-din-targu-jiu-rupe-tacerea-dupa-decesul-adolescentului-de-16-ani-lista-cu-nu-avem-devine-ingrijorator-de-lunga_67347f2f45fabb16c2198e62\" target=\"_blank\">Incidentul a avut loc<\/a> c\u00e2nd un b\u0103iat de 16 ani, diagnosticat cu peritonit\u0103 acut\u0103, a ajuns la SJU T\u00e2rgu Jiu \u0219i a fost refuzat de medicul chirurg Valentin Neagu. Motivul invocat de acesta a fost lipsa competen\u021belor pediatrice pentru a trata pacientul. Medicul a solicitat transferul pacientului la un spital din Craiova, \u00eens\u0103 ambulan\u021ba a ajuns prea t\u00e2rziu, dup\u0103 mai mult de trei ore, c\u00e2nd deja nu mai era nimic de f\u0103cut pentru salvarea vie\u021bii t\u00e2n\u0103rului, care a fost declarat mort.<\/p>\n<p>Acest tragic eveniment a subliniat o lacun\u0103 \u00een sistemul medical rom\u00e2nesc, unde, \u00een anumite situa\u021bii, minorii nu pot beneficia de tratamente urgente de specialitate din cauza lipsei de personal cu preg\u0103tire adecvat\u0103. \u00cen urma acestui incident, Ministerul S\u0103n\u0103t\u0103\u021bii a propus o modificare legislativ\u0103 care s\u0103 permit\u0103 medicilor din alte specialit\u0103\u021bi dec\u00e2t cele pediatrice s\u0103 intervin\u0103 \u00een cazuri de urgen\u021b\u0103 \u00een care <a href=\"https:\/\/www.realitatea.net\/stiri\/actual\/noi-detalii-in-cazul-minorul-de-16-ani-cu-peritonita-care-a-murit-dupa-ce-a-ajuns-la-spital-doctorul-care-nu-la-operat-a-fost-amendat_6734aa7f14211825341240b3\" target=\"_blank\">via\u021ba pacientului minor este \u00een pericol iminent.<\/a><\/p>\n<p>Ce prevede noua reglementare<\/p>\n<p>Conform noii Ordonan\u021be de Urgen\u021b\u0103 adoptate de Guvern, \u00een cazul \u00een care nu sunt disponibili medici pediatri \u0219i transferul pacientului minor nu poate fi realizat \u00eentr-un interval de timp rezonabil, medicii din specialit\u0103\u021bile care se potrivesc patologiei pacientului pot s\u0103 preia cazul \u0219i s\u0103 efectueze interven\u021bia necesar\u0103. Aceasta reprezint\u0103 o excep\u021bie de la regula general\u0103 potrivit c\u0103reia pacien\u021bii sub 18 ani trebuie s\u0103 fie trata\u021bi exclusiv de medici pediatri, av\u00e2nd \u00een vedere riscurile imediate pentru via\u021ba acestora.<\/p>\n<p>Guvernul a precizat c\u0103 aceast\u0103 m\u0103sur\u0103 se aplic\u0103 doar \u00een situa\u021biile de urgen\u021b\u0103 extrem\u0103, unde nu exist\u0103 posibilitatea transferului rapid al pacientului \u00eentr-o unitate medical\u0103 mai bine dotat\u0103 sau cu speciali\u0219ti \u00een pediatrie.<\/p>\n<p>\u201eAstfel, \u00een situa\u021bii de urgen\u021b\u0103 care pun \u00een pericol iminent via\u021ba, dac\u0103 serviciile medicale nu pot fi acordate de medici din specialit\u0103\u021bi pediatrice \u0219i pacientul cu v\u00e2rsta de p\u00e2n\u0103 la 18 ani nu poate fi transferat \u00een timp util, copiii \u0219i tinerii pot fi trata\u021bi de medicii din specialit\u0103\u021bile similare celor pediatrice corespunz\u0103toare patologiei acestora\u201d, a transmis Guvernul.<\/p>\n<p>\u00cen cadrul acelea\u0219i Ordonan\u021be de Urgen\u021b\u0103, Guvernul a adus \u0219i alte modific\u0103ri importante Legii nr. 95\/2006 privind reforma \u00een domeniul s\u0103n\u0103t\u0103\u021bii. Una dintre aceste modific\u0103ri vizeaz\u0103 tinerii cu v\u00e2rste \u00eentre 18 \u0219i 21 de ani care sufer\u0103 de boli rare. Acestora li se va permite continuarea tratamentelor \u00een specialit\u0103\u021bile pediatrice, pentru a asigura o continuitate a \u00eengrijirii medicale, av\u00e2nd \u00een vedere c\u0103 multe dintre aceste boli sunt tratate \u00een continuare de medicii specializa\u021bi \u00een pediatrie, chiar \u0219i dincolo de v\u00e2rsta de 18 ani.<\/p>\n<p>\u00a0<\/p>","protected":false},"excerpt":{"rendered":"<p>Astfel, \u00een situa\u021bii de urgen\u021b\u0103 care le pun \u00een pericol via\u021ba, pacien\u021bii minori vor putea&hellip;<\/p>\n","protected":false},"author":0,"featured_media":7480,"comment_status":"open","ping_status":"open","sticky":false,"template":"","format":"standard","meta":{"footnotes":""},"categories":[2],"tags":[],"class_list":["post-7479","post","type-post","status-publish","format-standard","has-post-thumbnail","hentry","category-actual"],"_links":{"self":[{"href":"https:\/\/247stiri.ro\/index.php\/wp-json\/wp\/v2\/posts\/7479","targetHints":{"allow":["GET"]}}],"collection":[{"href":"https:\/\/247stiri.ro\/index.php\/wp-json\/wp\/v2\/posts"}],"about":[{"href":"https:\/\/247stiri.ro\/index.php\/wp-json\/wp\/v2\/types\/post"}],"replies":[{"embeddable":true,"href":"https:\/\/247stiri.ro\/index.php\/wp-json\/wp\/v2\/comments?post=7479"}],"version-history":[{"count":0,"href":"https:\/\/247stiri.ro\/index.php\/wp-json\/wp\/v2\/posts\/7479\/revisions"}],"wp:featuredmedia":[{"embeddable":true,"href":"https:\/\/247stiri.ro\/index.php\/wp-json\/wp\/v2\/media\/7480"}],"wp:attachment":[{"href":"https:\/\/247stiri.ro\/index.php\/wp-json\/wp\/v2\/media?parent=7479"}],"wp:term":[{"taxonomy":"category","embeddable":true,"href":"https:\/\/247stiri.ro\/index.php\/wp-json\/wp\/v2\/categories?post=7479"},{"taxonomy":"post_tag","embeddable":true,"href":"https:\/\/247stiri.ro\/index.php\/wp-json\/wp\/v2\/tags?post=7479"}],"curies":[{"name":"wp","href":"https:\/\/api.w.org\/{rel}","templated":true}]}}