{"id":7482,"date":"2024-11-15T08:00:28","date_gmt":"2024-11-15T08:00:28","guid":{"rendered":"https:\/\/247stiri.ro\/index.php\/2024\/11\/15\/denuntatorul-lui-coldea-informatie-bomba-legata-de-moartea-lui-silviu-prigoana-hideg-i-am-spus-cu-3-saptamani-inainte-sa-se-duca-la-spital-video\/"},"modified":"2024-11-15T08:00:28","modified_gmt":"2024-11-15T08:00:28","slug":"denuntatorul-lui-coldea-informatie-bomba-legata-de-moartea-lui-silviu-prigoana-hideg-i-am-spus-cu-3-saptamani-inainte-sa-se-duca-la-spital-video","status":"publish","type":"post","link":"https:\/\/247stiri.ro\/index.php\/2024\/11\/15\/denuntatorul-lui-coldea-informatie-bomba-legata-de-moartea-lui-silviu-prigoana-hideg-i-am-spus-cu-3-saptamani-inainte-sa-se-duca-la-spital-video\/","title":{"rendered":"Denun\u021b\u0103torul lui Coldea, informa\u021bie BOMB\u0102 legat\u0103 de moartea lui Silviu Prigoan\u0103. Hideg: I-am spus cu 3 s\u0103pt\u0103m\u00e2ni \u00eenainte s\u0103 se duc\u0103 la spital &#8211; VIDEO"},"content":{"rendered":"<p>C\u0103t\u0103lin Hideg a vorbit despre moartea cutremur\u0103toare a lui Silviu Prigoan\u0103, omul de afaceri care a l\u0103sat \u00een urm\u0103 4 copii. Afaceristul a recunoscut c\u0103 a sim\u021bit revolt\u0103 pentru c\u0103 nu a putut participa la \u00eenmorm\u00e2ntare. \u00cen emisiunea \u201dCulisele Statului Paralel\u201d, moderat\u0103 de Anca Alexandrescu, Hideg a precizat \u0219i c\u0103 cei doi au b\u0103ut \u00eempreun\u0103 \u00een urm\u0103 cu trei s\u0103pt\u0103m\u00e2ni \u0219i i-ar fi sugerat regretatului Silviu Prigoan\u0103 s\u0103 mearg\u0103 la institutul &#8222;Marius Nasta&#8221; pentru c\u0103 tu\u0219ea foarte tare \u0219i continua s\u0103 fumeze.<\/p>\n\n<p>Afirma\u021bia lui C\u0103t\u0103lin Hideg este \u00eent\u0103rit\u0103 \u0219i de secven\u021bele dintr-o alt\u0103 emisiune TV la care a fost invitat Silviu Prigoan\u0103, cu c\u00e2teva zile \u00eenainte de a muri. Omul de afaceri s-a \u00eentrerupt de nenum\u0103rate ori pentru a tu\u0219i.<\/p>\n<p><a title=\"Semnele ascunse ale bolii de care suferea Silviu Prigoana. Ce i s-a intamplat in timpul ultimului interviu\" href=\"https:\/\/www.realitatea.net\/stiri\/actual\/semnele-ascunse-ale-bolii-de-care-suferea-silviu-prigoana-ce-i-sa-intamplat-in-timpul-ultimului-interviu_6735f7ab92bd7d0d9008feda\">Semnele ascunse ale bolii de care suferea Silviu Prigoan\u0103. Ce i s-a \u00eent\u00e2mplat \u00een timpul ultimului interviu<\/a><\/p>\n<p><a title=\"De ce s-a vaccinat Silviu Prigoana anti-Covid? Dezvaluirile socante facute la ultima sa prezenta in emisiunea Ancai Alexandrescu - VIDEO\" href=\"https:\/\/www.realitatea.net\/stiri\/actual\/de-ce-sa-vaccinat-silviu-prigoana-anticovid-dezvaluirile-socante-facute-la-ultima-sa-prezenta-in-emisiunea-ancai-alexandrescu-video_6735b2fd21df2f3d840d30e3\">De ce s-a vaccinat Silviu Prigoan\u0103 anti-Covid? Dezv\u0103luirile \u0219ocante f\u0103cute la ultima sa prezen\u021b\u0103 \u00een emisiunea Anc\u0103i Alexandrescu &#8211; VIDEO<\/a><\/p>\n<p>\u00a0<\/p>\n<p>\u00a0<\/p>\n<p>\u00a0<\/p>","protected":false},"excerpt":{"rendered":"<p>C\u0103t\u0103lin Hideg a vorbit despre moartea cutremur\u0103toare a lui Silviu Prigoan\u0103, omul de afaceri care&hellip;<\/p>\n","protected":false},"author":0,"featured_media":7483,"comment_status":"open","ping_status":"open","sticky":false,"template":"","format":"standard","meta":{"footnotes":""},"categories":[2],"tags":[],"class_list":["post-7482","post","type-post","status-publish","format-standard","has-post-thumbnail","hentry","category-actual"],"_links":{"self":[{"href":"https:\/\/247stiri.ro\/index.php\/wp-json\/wp\/v2\/posts\/7482","targetHints":{"allow":["GET"]}}],"collection":[{"href":"https:\/\/247stiri.ro\/index.php\/wp-json\/wp\/v2\/posts"}],"about":[{"href":"https:\/\/247stiri.ro\/index.php\/wp-json\/wp\/v2\/types\/post"}],"replies":[{"embeddable":true,"href":"https:\/\/247stiri.ro\/index.php\/wp-json\/wp\/v2\/comments?post=7482"}],"version-history":[{"count":0,"href":"https:\/\/247stiri.ro\/index.php\/wp-json\/wp\/v2\/posts\/7482\/revisions"}],"wp:featuredmedia":[{"embeddable":true,"href":"https:\/\/247stiri.ro\/index.php\/wp-json\/wp\/v2\/media\/7483"}],"wp:attachment":[{"href":"https:\/\/247stiri.ro\/index.php\/wp-json\/wp\/v2\/media?parent=7482"}],"wp:term":[{"taxonomy":"category","embeddable":true,"href":"https:\/\/247stiri.ro\/index.php\/wp-json\/wp\/v2\/categories?post=7482"},{"taxonomy":"post_tag","embeddable":true,"href":"https:\/\/247stiri.ro\/index.php\/wp-json\/wp\/v2\/tags?post=7482"}],"curies":[{"name":"wp","href":"https:\/\/api.w.org\/{rel}","templated":true}]}}