{"id":7485,"date":"2024-11-15T08:00:28","date_gmt":"2024-11-15T08:00:28","guid":{"rendered":"https:\/\/247stiri.ro\/index.php\/2024\/11\/15\/prognoza-meteo-de-la-anm-pentru-urmatoarele-4-saptamani-cum-va-fi-vremea-in-urmatoarea-luna\/"},"modified":"2024-11-15T08:00:28","modified_gmt":"2024-11-15T08:00:28","slug":"prognoza-meteo-de-la-anm-pentru-urmatoarele-4-saptamani-cum-va-fi-vremea-in-urmatoarea-luna","status":"publish","type":"post","link":"https:\/\/247stiri.ro\/index.php\/2024\/11\/15\/prognoza-meteo-de-la-anm-pentru-urmatoarele-4-saptamani-cum-va-fi-vremea-in-urmatoarea-luna\/","title":{"rendered":"Prognoza METEO de la ANM pentru urm\u0103toarele 4 s\u0103pt\u0103m\u00e2ni. Cum va fi vremea \u00een urm\u0103toarea lun\u0103?"},"content":{"rendered":"<p class=\"selectable-text copyable-text x15bjb6t x1n2onr6\">Potrivit Administra\u021biei Na\u021bionale de Meteorologie, \u00een s\u0103pt\u0103m\u00e2na 18- 25 noiembrie, valorile termice vor fi mai cobor\u00e2te dec\u00e2t cele specifice perioadei \u00een jum\u0103tatea vestic\u0103 a \u021b\u0103rii, iar \u00een rest vor fi \u00een general apropiate de cele normale. Regimul pluviometric estimat pentru acest interval va fi excedentar \u00een toate regiunile, dar mai ales \u00een cele vestice \u0219i nord-vestice.<\/p>\n<p class=\"selectable-text copyable-text x15bjb6t x1n2onr6\">\u00cen s\u0103pt\u0103m\u00e2na 25 noiembrie \u2013 2 decembrie, temperaturile medii vor fi \u00een general apropiate de cele normale pentru aceast\u0103 perioad\u0103, posibil u\u0219or mai cobor\u00e2te \u00een jum\u0103tatea vestic\u0103 a \u021b\u0103rii. Cantit\u0103\u021bile de precipita\u021bii se vor situa \u00een jurul celor normale pentru acest interval \u00een toate regiunile.<\/p>\n<p class=\"selectable-text copyable-text x15bjb6t x1n2onr6\">\u00cen s\u0103pt\u0103m\u00e2na 2-9 decembrie, temperatura medie a aerului va avea valori u\u0219or mai cobor\u00e2te dec\u00e2t cele normale pentru aceast\u0103 perioad\u0103, la nivelul \u00eentregii \u021b\u0103ri. Regimul pluviometric va fi apropiat de cel normal pentru acest interval \u00een toate regiunile.<\/p>\n<p class=\"selectable-text copyable-text x15bjb6t x1n2onr6\">\u00a0<\/p>\n<p class=\"selectable-text copyable-text x15bjb6t x1n2onr6\">\u00cen s\u0103pt\u0103m\u00e2na 9-16 decembrie, mediile valorilor termice vor fi apropiate de cele specifice pentru aceast\u0103 s\u0103pt\u0103m\u00e2n\u0103, pe \u00eentreg teritoriul Rom\u00e2niei. Cantit\u0103\u021bile de precipita\u021bii vor fi \u00een general apropiate de cele normale pentru aceast\u0103 perioad\u0103, cu posibilitatea unui u\u0219or deficit \u00een regiunile sudice, a precizat Administra\u021bia Na\u021bional\u0103 de Meteorologie.<\/p>","protected":false},"excerpt":{"rendered":"<p>Potrivit Administra\u021biei Na\u021bionale de Meteorologie, \u00een s\u0103pt\u0103m\u00e2na 18- 25 noiembrie, valorile termice vor fi mai&hellip;<\/p>\n","protected":false},"author":0,"featured_media":7486,"comment_status":"open","ping_status":"open","sticky":false,"template":"","format":"standard","meta":{"footnotes":""},"categories":[2],"tags":[],"class_list":["post-7485","post","type-post","status-publish","format-standard","has-post-thumbnail","hentry","category-actual"],"_links":{"self":[{"href":"https:\/\/247stiri.ro\/index.php\/wp-json\/wp\/v2\/posts\/7485","targetHints":{"allow":["GET"]}}],"collection":[{"href":"https:\/\/247stiri.ro\/index.php\/wp-json\/wp\/v2\/posts"}],"about":[{"href":"https:\/\/247stiri.ro\/index.php\/wp-json\/wp\/v2\/types\/post"}],"replies":[{"embeddable":true,"href":"https:\/\/247stiri.ro\/index.php\/wp-json\/wp\/v2\/comments?post=7485"}],"version-history":[{"count":0,"href":"https:\/\/247stiri.ro\/index.php\/wp-json\/wp\/v2\/posts\/7485\/revisions"}],"wp:featuredmedia":[{"embeddable":true,"href":"https:\/\/247stiri.ro\/index.php\/wp-json\/wp\/v2\/media\/7486"}],"wp:attachment":[{"href":"https:\/\/247stiri.ro\/index.php\/wp-json\/wp\/v2\/media?parent=7485"}],"wp:term":[{"taxonomy":"category","embeddable":true,"href":"https:\/\/247stiri.ro\/index.php\/wp-json\/wp\/v2\/categories?post=7485"},{"taxonomy":"post_tag","embeddable":true,"href":"https:\/\/247stiri.ro\/index.php\/wp-json\/wp\/v2\/tags?post=7485"}],"curies":[{"name":"wp","href":"https:\/\/api.w.org\/{rel}","templated":true}]}}