{"id":7501,"date":"2024-11-15T09:00:53","date_gmt":"2024-11-15T09:00:53","guid":{"rendered":"https:\/\/247stiri.ro\/index.php\/2024\/11\/15\/viktor-orban-ii-canta-in-struna-lui-putin-ue-trebuie-sa-regandeasca-sanctiunile-impuse-rusiei-pentru-a-reduce-pretul-energiei\/"},"modified":"2024-11-15T09:00:53","modified_gmt":"2024-11-15T09:00:53","slug":"viktor-orban-ii-canta-in-struna-lui-putin-ue-trebuie-sa-regandeasca-sanctiunile-impuse-rusiei-pentru-a-reduce-pretul-energiei","status":"publish","type":"post","link":"https:\/\/247stiri.ro\/index.php\/2024\/11\/15\/viktor-orban-ii-canta-in-struna-lui-putin-ue-trebuie-sa-regandeasca-sanctiunile-impuse-rusiei-pentru-a-reduce-pretul-energiei\/","title":{"rendered":"Viktor Orban \u00eei c\u00e2nt\u0103 \u00een strun\u0103 lui Putin: \u201dUE trebuie s\u0103 reg\u00e2ndeasc\u0103 sanc\u0163iunile impuse Rusiei pentru a reduce pre\u0163ul energiei\u201d"},"content":{"rendered":"<p>Liderii statelor UE, reuni\u0163i s\u0103pt\u0103m\u00e2na trecut\u0103 la un summit informal care a avut loc la Budapesta, au semnat o declara\u0163ie asupra competitivit\u0103\u0163ii Uniunii Europene. Liderii europeni s-au angajat \u00een declara\u0163ia final\u0103 a summitului s\u0103 exploreze &#8222;noi instrumente&#8221; de finan\u0163are a transform\u0103rilor economice pe care doresc s\u0103 le impulsioneze pentru a cre\u015fte competitivitatea blocului comunitar \u015fi a reduce astfel terenul pierdut \u00een fa\u0163a SUA \u015fi a Chinei.&#8221;Pre\u0163urile la energie trebuie reduse prin orice mijloace. Asta \u00eenseamn\u0103 c\u0103 sanc\u0163iunile trebuie reg\u00e2ndite pentru c\u0103, \u00een conformitate cu actuala politic\u0103 de sanc\u0163iuni, pre\u0163urile la energie nu vor cobor\u00ee&#8221;, a declarat Viktor Orban, \u00eentr-un interviu pentru postul public de radio din Ungaria.<\/p>\n<p><a title=\"Viktor Orban acuza UE ca incearca sa ii rastoarne guvernul: 'Stim ca au un guvern marioneta (in minte)'\" href=\"https:\/\/www.realitatea.net\/stiri\/actual\/viktor-orban-acuza-ue-ca-incearca-sa-ii-rastoarne-guvernul-stim-ca-au-un-guvern-marioneta-in-minte_67195c1e61f2a71b811719f7\">Viktor Orban acuz\u0103 UE c\u0103 \u00eencearc\u0103 s\u0103 \u00eei r\u0103stoarne guvernul: &#8216;\u0218tim c\u0103 au un guvern marionet\u0103 (\u00een minte)&#8217;<\/a>Orban a precizat c\u0103 firmele americane pl\u0103tesc un sfert din suma pe care firmele europene o pl\u0103tesc pentru gaze \u015fi electricitate, un dezavantaj care nu poate fi contracarat prin alte mijloace.De la debutul invaziei ruse\u015fti \u00een Ucraina, \u00een 2022, Orban a devenit unul din cei mai vocali critici ai sanc\u0163iunile impuse Moscovei de Uniunea European\u0103, precum \u015fi ai sprijinului financiar \u015fi militar oferit de blocul comunitar Ucrainei.\u00cen timp ce \u0163\u0103rile din Vestul Europei au f\u0103cut eforturi serioase pentru a nu mai fi dependente de energia ruseasc\u0103, Ungaria \u00ee\u015fi asigur\u0103 \u00eentre 80 \u015fi 85% din necesarul s\u0103u de gaze naturale din Rusia, \u0163ar\u0103 care \u00eei furnizeaz\u0103 \u015fi 80% din necesarul s\u0103u de petrol.\u00a0<\/p>\n<p><a title=\"Viktor Orban, mesaj dur despre Romania dupa alegerile din Moldova. Premierul ungar este nemultumit de evolutia tarii noastre\" href=\"https:\/\/www.realitatea.net\/stiri\/actual\/viktor-orban-mesaj-dur-despre-romania-dupa-alegerile-din-moldova-premierul-ungar-este-nemultumit-de-evolutia-tarii-noastre_6729c3978c07ba3018613246\">Viktor Orban, mesaj dur despre Rom\u00e2nia dup\u0103 alegerile din Moldova. Premierul ungar este nemul\u021bumit de evolu\u021bia \u021b\u0103rii noastre<\/a><\/p>","protected":false},"excerpt":{"rendered":"<p>Liderii statelor UE, reuni\u0163i s\u0103pt\u0103m\u00e2na trecut\u0103 la un summit informal care a avut loc la&hellip;<\/p>\n","protected":false},"author":0,"featured_media":7498,"comment_status":"open","ping_status":"open","sticky":false,"template":"","format":"standard","meta":{"footnotes":""},"categories":[2],"tags":[],"class_list":["post-7501","post","type-post","status-publish","format-standard","has-post-thumbnail","hentry","category-actual"],"_links":{"self":[{"href":"https:\/\/247stiri.ro\/index.php\/wp-json\/wp\/v2\/posts\/7501","targetHints":{"allow":["GET"]}}],"collection":[{"href":"https:\/\/247stiri.ro\/index.php\/wp-json\/wp\/v2\/posts"}],"about":[{"href":"https:\/\/247stiri.ro\/index.php\/wp-json\/wp\/v2\/types\/post"}],"replies":[{"embeddable":true,"href":"https:\/\/247stiri.ro\/index.php\/wp-json\/wp\/v2\/comments?post=7501"}],"version-history":[{"count":0,"href":"https:\/\/247stiri.ro\/index.php\/wp-json\/wp\/v2\/posts\/7501\/revisions"}],"wp:featuredmedia":[{"embeddable":true,"href":"https:\/\/247stiri.ro\/index.php\/wp-json\/wp\/v2\/media\/7498"}],"wp:attachment":[{"href":"https:\/\/247stiri.ro\/index.php\/wp-json\/wp\/v2\/media?parent=7501"}],"wp:term":[{"taxonomy":"category","embeddable":true,"href":"https:\/\/247stiri.ro\/index.php\/wp-json\/wp\/v2\/categories?post=7501"},{"taxonomy":"post_tag","embeddable":true,"href":"https:\/\/247stiri.ro\/index.php\/wp-json\/wp\/v2\/tags?post=7501"}],"curies":[{"name":"wp","href":"https:\/\/api.w.org\/{rel}","templated":true}]}}