{"id":754,"date":"2024-10-22T05:56:15","date_gmt":"2024-10-22T05:56:15","guid":{"rendered":"https:\/\/247stiri.ro\/index.php\/2024\/10\/22\/dominic-de-habsburg-nepotul-regelui-ferdinand-i-dat-in-judecata-inca-o-data-starea-conacului-de-la-poieni-este-tot-mai-deplorabila-cine-raspunde\/"},"modified":"2024-10-22T05:56:15","modified_gmt":"2024-10-22T05:56:15","slug":"dominic-de-habsburg-nepotul-regelui-ferdinand-i-dat-in-judecata-inca-o-data-starea-conacului-de-la-poieni-este-tot-mai-deplorabila-cine-raspunde","status":"publish","type":"post","link":"https:\/\/247stiri.ro\/index.php\/2024\/10\/22\/dominic-de-habsburg-nepotul-regelui-ferdinand-i-dat-in-judecata-inca-o-data-starea-conacului-de-la-poieni-este-tot-mai-deplorabila-cine-raspunde\/","title":{"rendered":"Dominic de Habsburg, nepotul Regelui Ferdinand I, dat \u00een judecat\u0103 \u00eenc\u0103 o dat\u0103. Starea Conacului de la Poieni este tot mai deplorabil\u0103: cine r\u0103spunde"},"content":{"rendered":"<p>Aceast\u0103 hot\u0103r\u00e2re vine dup\u0103 ce magistra\u021bii au cerut rejudecarea procesului, chiar dac\u0103 ini\u021bial judec\u0103toria din Ia\u0219i a decis \u00eencetarea acestuia.<\/p>\n<p>\u00cen tot acest timp, nimeni nu a pl\u0103tit nicio tax\u0103 pentru cl\u0103diri \u0219i terenuri.<\/p>\n<p><a href=\"https:\/\/www.realitatea.net\/stiri\/monden\/familia-regala-anunta-nasterea-lui-augustus-mihai-de-romania-nepotul-principesei-elena_670f928a702245770f0fd8b0#google_vignette\" target=\"_blank\" rel=\"noopener\">Familia Regal\u0103 a anun\u021bat na\u0219terea lui Augustus Mihai de Rom\u00e2nia, nepotul Principesei Elena | FOTO<\/a><\/p>\n<p>Dup\u0103 cinci ani de la retrocedare, mo\u0219tenitorii conacului de la Poieni au ob\u021binut un aviz care le permitea s\u0103 v\u00e2nd\u0103 proprietatea, \u00eens\u0103 pre\u021bul uria\u0219 pe care l-au solicitat nu a atras niciun cump\u0103r\u0103tor.\u00a0<\/p>\n<p><a href=\"https:\/\/www.realitatea.net\/stiri\/monden\/fiul-presupus-al-regelui-charles-si-al-reginei-camilla-solicita-un-test-adn-cat-de-mult-se-va-schimba-succesiunea-la-tron_6714122da59b3c3b5f53f222\" target=\"_blank\" rel=\"noopener\">Fiul presupus al Regelui Charles \u0219i al Reginei Camilla solicit\u0103 un test ADN: C\u00e2t de mult se va schimba succesiunea la tron<\/a><\/p>","protected":false},"excerpt":{"rendered":"<p>Aceast\u0103 hot\u0103r\u00e2re vine dup\u0103 ce magistra\u021bii au cerut rejudecarea procesului, chiar dac\u0103 ini\u021bial judec\u0103toria din&hellip;<\/p>\n","protected":false},"author":0,"featured_media":755,"comment_status":"open","ping_status":"open","sticky":false,"template":"","format":"standard","meta":{"footnotes":""},"categories":[2],"tags":[],"class_list":["post-754","post","type-post","status-publish","format-standard","has-post-thumbnail","hentry","category-actual"],"_links":{"self":[{"href":"https:\/\/247stiri.ro\/index.php\/wp-json\/wp\/v2\/posts\/754","targetHints":{"allow":["GET"]}}],"collection":[{"href":"https:\/\/247stiri.ro\/index.php\/wp-json\/wp\/v2\/posts"}],"about":[{"href":"https:\/\/247stiri.ro\/index.php\/wp-json\/wp\/v2\/types\/post"}],"replies":[{"embeddable":true,"href":"https:\/\/247stiri.ro\/index.php\/wp-json\/wp\/v2\/comments?post=754"}],"version-history":[{"count":0,"href":"https:\/\/247stiri.ro\/index.php\/wp-json\/wp\/v2\/posts\/754\/revisions"}],"wp:featuredmedia":[{"embeddable":true,"href":"https:\/\/247stiri.ro\/index.php\/wp-json\/wp\/v2\/media\/755"}],"wp:attachment":[{"href":"https:\/\/247stiri.ro\/index.php\/wp-json\/wp\/v2\/media?parent=754"}],"wp:term":[{"taxonomy":"category","embeddable":true,"href":"https:\/\/247stiri.ro\/index.php\/wp-json\/wp\/v2\/categories?post=754"},{"taxonomy":"post_tag","embeddable":true,"href":"https:\/\/247stiri.ro\/index.php\/wp-json\/wp\/v2\/tags?post=754"}],"curies":[{"name":"wp","href":"https:\/\/api.w.org\/{rel}","templated":true}]}}