{"id":7629,"date":"2024-11-15T13:50:35","date_gmt":"2024-11-15T13:50:35","guid":{"rendered":"https:\/\/247stiri.ro\/index.php\/2024\/11\/15\/ce-se-alege-de-pensia-lui-silviu-prigoana-dupa-deces-afaceristul-incasa-11-000-de-euro-lunar-de-la-stat\/"},"modified":"2024-11-15T13:50:35","modified_gmt":"2024-11-15T13:50:35","slug":"ce-se-alege-de-pensia-lui-silviu-prigoana-dupa-deces-afaceristul-incasa-11-000-de-euro-lunar-de-la-stat","status":"publish","type":"post","link":"https:\/\/247stiri.ro\/index.php\/2024\/11\/15\/ce-se-alege-de-pensia-lui-silviu-prigoana-dupa-deces-afaceristul-incasa-11-000-de-euro-lunar-de-la-stat\/","title":{"rendered":"Ce se alege de pensia lui Silviu Prigoan\u0103 dup\u0103 deces? Afaceristul \u00eencasa 11.000 de euro lunar de la stat"},"content":{"rendered":"<p>Astfel, fiecare dintre cei doi copii minori ai lui Silviu Prigoan\u0103 va primi, \u00eencep\u00e2nd cu luna viitoare, aproximativ 4.000 de euro lunar. Cu toate acestea, situa\u021bia este complicat\u0103 de faptul c\u0103, de\u0219i custodia este de\u021binut\u0103 de mama copiilor, ace\u0219tia au domiciliul la tat\u0103, ceea ce ridic\u0103 \u00eentreb\u0103ri cu privire la desemnarea unui reprezentant legal pentru administrarea pensiei.<\/p>\n<p>\u00cen 2020, Prigoan\u0103 a f\u0103cut public faptul c\u0103 avea o pensie lunar\u0103 de 37.000 de lei, iar \u00een urm\u0103 cu mai mult de zece ani, averea sa era estimat\u0103 la 150 de milioane de euro. Dup\u0103 ce s-a retras din afaceri \u00een 2019, ced\u00e2ndu-le copiilor s\u0103i, Prigoan\u0103 a continuat s\u0103 beneficieze de pensia de stat. Recent, el a declarat c\u0103 nu este mul\u021bumit de recalcularea pensiilor din acest an, afirm\u00e2nd c\u0103 nu au existat modific\u0103ri semnificative.<\/p>\n<p>Cum se stabile\u0219te pensia de urma\u0219<\/p>\n<p>Pensia de urma\u0219 este calculat\u0103 pe baza punctelor de pensie acumulate de persoana decedat\u0103. Aceasta poate fi acordat\u0103 pentru mai multe tipuri de pensii: pensia pentru limit\u0103 de v\u00e2rst\u0103, pensia de invaliditate de gradul I sau pensia de urma\u0219 \u00een cazul unui deces survenit \u00eenainte de \u00eendeplinirea condi\u021biilor pentru pensia pentru limit\u0103 de v\u00e2rst\u0103.<\/p>\n<p>\u00cen func\u021bie de num\u0103rul urma\u0219ilor, pensia se distribuie astfel:<\/p>\n<p>50% din pensia decedatului pentru un singur urma\u0219;75% pentru doi urma\u0219i;100% pentru trei sau mai mul\u021bi urma\u0219i.<\/p>\n<p>Astfel, copiii lui Silviu Prigoan\u0103 beneficiaz\u0103 de 75% din pensia acestuia, ceea ce se traduce \u00eentr-o sum\u0103 semnificativ\u0103 pentru fiecare dintre ei.\u00a0<\/p>","protected":false},"excerpt":{"rendered":"<p>Astfel, fiecare dintre cei doi copii minori ai lui Silviu Prigoan\u0103 va primi, \u00eencep\u00e2nd cu&hellip;<\/p>\n","protected":false},"author":0,"featured_media":7630,"comment_status":"open","ping_status":"open","sticky":false,"template":"","format":"standard","meta":{"footnotes":""},"categories":[2],"tags":[],"class_list":["post-7629","post","type-post","status-publish","format-standard","has-post-thumbnail","hentry","category-actual"],"_links":{"self":[{"href":"https:\/\/247stiri.ro\/index.php\/wp-json\/wp\/v2\/posts\/7629","targetHints":{"allow":["GET"]}}],"collection":[{"href":"https:\/\/247stiri.ro\/index.php\/wp-json\/wp\/v2\/posts"}],"about":[{"href":"https:\/\/247stiri.ro\/index.php\/wp-json\/wp\/v2\/types\/post"}],"replies":[{"embeddable":true,"href":"https:\/\/247stiri.ro\/index.php\/wp-json\/wp\/v2\/comments?post=7629"}],"version-history":[{"count":0,"href":"https:\/\/247stiri.ro\/index.php\/wp-json\/wp\/v2\/posts\/7629\/revisions"}],"wp:featuredmedia":[{"embeddable":true,"href":"https:\/\/247stiri.ro\/index.php\/wp-json\/wp\/v2\/media\/7630"}],"wp:attachment":[{"href":"https:\/\/247stiri.ro\/index.php\/wp-json\/wp\/v2\/media?parent=7629"}],"wp:term":[{"taxonomy":"category","embeddable":true,"href":"https:\/\/247stiri.ro\/index.php\/wp-json\/wp\/v2\/categories?post=7629"},{"taxonomy":"post_tag","embeddable":true,"href":"https:\/\/247stiri.ro\/index.php\/wp-json\/wp\/v2\/tags?post=7629"}],"curies":[{"name":"wp","href":"https:\/\/api.w.org\/{rel}","templated":true}]}}