{"id":7634,"date":"2024-11-15T14:54:26","date_gmt":"2024-11-15T14:54:26","guid":{"rendered":"https:\/\/247stiri.ro\/index.php\/2024\/11\/15\/cum-arata-regina-intunericului-in-urma-cu-9-ani-gabriela-lucutar-nu-avea-operatii-estetice-pe-atunci\/"},"modified":"2024-11-15T14:54:26","modified_gmt":"2024-11-15T14:54:26","slug":"cum-arata-regina-intunericului-in-urma-cu-9-ani-gabriela-lucutar-nu-avea-operatii-estetice-pe-atunci","status":"publish","type":"post","link":"https:\/\/247stiri.ro\/index.php\/2024\/11\/15\/cum-arata-regina-intunericului-in-urma-cu-9-ani-gabriela-lucutar-nu-avea-operatii-estetice-pe-atunci\/","title":{"rendered":"Cum ar\u0103ta \u201eRegina \u00centunericului\u201d \u00een urm\u0103 cu 9 ani: Gabriela Lucu\u021bar nu avea opera\u021bii estetice pe atunci"},"content":{"rendered":"<p>\u00centr-o fotografie veche din 2015, <a href=\"https:\/\/www.realitatea.net\/stiri\/monden\/gabriela-lucutar-divort-rasunator-dupa-20-de-ani-de-casnicie-si-3-copii-regina-intunericului-renunta-la-numele-de-lucutar-multi-vor-spune-ca-nu-ma-mai-satur-de-bani_6655bd077ff13d46e0010a12\" target=\"_blank\">Gabriela Lucu\u021bar<\/a> ar\u0103ta total diferit fa\u021b\u0103 de cum o \u0219tim acum. La acea vreme, ea avea p\u0103rul mai lung, cu breton, \u0219i un look mult mai tineresc, care contrasteaz\u0103 cu stilul actual, mult mai sofisticat \u0219i elegant. De\u0219i a evoluat semnificativ \u00een ceea ce prive\u0219te imaginea sa, Gabriela pare s\u0103 p\u0103streze o leg\u0103tur\u0103 aparte cu trecutul s\u0103u.<\/p>\n\n<p>\u00a0 \u00a0 \u00a0 \u00a0 \u00a0 \u00a0 \u00a0 \u00a0 \u00a0 \u00a0 \u00a0 \u00a0 \u00a0Gabriela Lucu\u021bar \u00een 2015 \/ Sursa foto &#8211; RTV<\/p>\n<p>Cine este Gabriela Lucu\u021bar<\/p>\n<p>De\u0219i este o femeie de afaceri de succes \u0219i o mam\u0103 a trei copii, Gabriela \u00ee\u0219i men\u021bine o form\u0103 fizic\u0103 de invidiat \u0219i o prezen\u021b\u0103 care atrage aten\u021bia. \u00cen ciuda tuturor succeselor sale, inclusiv participarea la emisiunea \u201eChefi la cu\u021bite\u201d din 2023, unde a preparat o coliv\u0103 cu foi\u021b\u0103 de aur pentru jura\u021bi, Gabriela nu uit\u0103 c\u0103 drumul s\u0103u \u00een via\u021b\u0103 a fost marcat \u0219i de provoc\u0103ri personale.<\/p>\n<p>\u201eAm venit s\u0103 fac specialitatea mea: coliv\u0103. Chefilor, \u021bine\u021bi-v\u0103 bine! Regina \u00eentotdeauna face lucruri spectaculoase!\u201d spunea Lucu\u021bar cu entuziasm, iar jura\u021bii au r\u0103mas surprin\u0219i de povestea ei despre conexiunea cu mor\u021bii, pe care o descria cu o sinceritate tulbur\u0103toare. \u201eEu am o conexiune cu ei. Spiritul este acolo, trupul nu are leg\u0103tur\u0103 cu sufletul. Sufletul este l\u00e2ng\u0103 mine \u0219i eu vorbesc cu ei\u201d, povestea ea, st\u00e2rnind reac\u021bii din partea chefilor.<\/p>\n<p>Gabriela Lucu\u021bar \u0219i so\u021bul ei \u0219i-au spus adio dup\u0103 20 de ani<\/p>\n<p>Cunoscut\u0103 \u0219i pentru business-ul s\u0103u \u00een domeniul serviciilor funerare, <a href=\"https:\/\/www.realitatea.net\/stiri\/actual\/ce-obiecte-ciudate-pun-romanii-in-sicriul-rudelor-decedate-dezvaluiri-incredibile-de-la-o-celebra-antreprenoare-de-pompe-funebre_670f66208bcba803b232cf15\" target=\"_blank\">Gabriela a ajuns<\/a> \u0219i \u00een fa\u021ba antreprenorilor de la \u201eImperiul Leilor\u201d, unde a solicitat un investitor care s\u0103 \u00eei sus\u021bin\u0103 afacerea de pompe funebre cu o sum\u0103 impresionant\u0103 de 2 milioane de euro. \u00centre timp, via\u021ba personal\u0103 a Gabrielei a suferit \u0219i ea schimb\u0103ri semnificative, iar dup\u0103 20 de ani de c\u0103snicie, aceasta a decis s\u0103 divor\u021beze de so\u021bul s\u0103u, renun\u021b\u00e2nd la numele de \u201eLucu\u021bar\u201d \u0219i adopt\u00e2nd noul nume de Gabriela Badea.<\/p>\n<p>\u201eAm divor\u021bat deja. Dup\u0103 20 de ani, drumurile noastre s-au desp\u0103r\u021bit. C\u00e2nd o femeie este puternic\u0103, l\u00e2ng\u0103 ea trebuie s\u0103 fie un b\u0103rbat la fel de puternic, dar din p\u0103cate nu a fost cazul la noi \u00een familie. Acum sunt cu copiii mei \u0219i ne respect\u0103m \u00een continuare\u201d, m\u0103rturisea Gabriela pentru Fanatik.<\/p>\n<p>\u00a0<\/p>\n<p>\u00a0<\/p>","protected":false},"excerpt":{"rendered":"<p>\u00centr-o fotografie veche din 2015, Gabriela Lucu\u021bar ar\u0103ta total diferit fa\u021b\u0103 de cum o \u0219tim&hellip;<\/p>\n","protected":false},"author":0,"featured_media":7635,"comment_status":"open","ping_status":"open","sticky":false,"template":"","format":"standard","meta":{"footnotes":""},"categories":[8],"tags":[],"class_list":["post-7634","post","type-post","status-publish","format-standard","has-post-thumbnail","hentry","category-lifestyle"],"_links":{"self":[{"href":"https:\/\/247stiri.ro\/index.php\/wp-json\/wp\/v2\/posts\/7634","targetHints":{"allow":["GET"]}}],"collection":[{"href":"https:\/\/247stiri.ro\/index.php\/wp-json\/wp\/v2\/posts"}],"about":[{"href":"https:\/\/247stiri.ro\/index.php\/wp-json\/wp\/v2\/types\/post"}],"replies":[{"embeddable":true,"href":"https:\/\/247stiri.ro\/index.php\/wp-json\/wp\/v2\/comments?post=7634"}],"version-history":[{"count":0,"href":"https:\/\/247stiri.ro\/index.php\/wp-json\/wp\/v2\/posts\/7634\/revisions"}],"wp:featuredmedia":[{"embeddable":true,"href":"https:\/\/247stiri.ro\/index.php\/wp-json\/wp\/v2\/media\/7635"}],"wp:attachment":[{"href":"https:\/\/247stiri.ro\/index.php\/wp-json\/wp\/v2\/media?parent=7634"}],"wp:term":[{"taxonomy":"category","embeddable":true,"href":"https:\/\/247stiri.ro\/index.php\/wp-json\/wp\/v2\/categories?post=7634"},{"taxonomy":"post_tag","embeddable":true,"href":"https:\/\/247stiri.ro\/index.php\/wp-json\/wp\/v2\/tags?post=7634"}],"curies":[{"name":"wp","href":"https:\/\/api.w.org\/{rel}","templated":true}]}}