{"id":7647,"date":"2024-11-15T14:54:29","date_gmt":"2024-11-15T14:54:29","guid":{"rendered":"https:\/\/247stiri.ro\/index.php\/2024\/11\/15\/cum-arata-locul-de-veci-al-lui-silviu-prigoana-palatul-funerar-in-care-milionarul-isi-face-somnul-de-veci\/"},"modified":"2024-11-15T14:54:29","modified_gmt":"2024-11-15T14:54:29","slug":"cum-arata-locul-de-veci-al-lui-silviu-prigoana-palatul-funerar-in-care-milionarul-isi-face-somnul-de-veci","status":"publish","type":"post","link":"https:\/\/247stiri.ro\/index.php\/2024\/11\/15\/cum-arata-locul-de-veci-al-lui-silviu-prigoana-palatul-funerar-in-care-milionarul-isi-face-somnul-de-veci\/","title":{"rendered":"Cum arat\u0103 locul de veci al lui Silviu Prigoan\u0103: Palatul funerar \u00een care milionarul \u00ee\u0219i face somnul de veci"},"content":{"rendered":"<p>Decedat din cauza unui infarct \u00een timpul unui pr\u00e2nz \u00eentr-un restaurant din Bra\u0219ov, Prigoan\u0103 a avut \u00een mod clar o viziune clar\u0103 despre ultimele sale dorin\u021be, iar familia i le-a respectat \u00eentocmai.<\/p>\n<p>Unde \u00ee\u0219i duce somnul de veci Silviu Prigoan\u0103<\/p>\n<p>Gabriela Lucu\u021bar, cunoscut\u0103 ca \u201eRegina \u00centunericului\u201d \u0219i cea care s-a ocupat de organizarea funeraliilor, a explicat c\u0103 Silviu Prigoan\u0103 avea mai multe locuri de veci \u00een mai multe cimitire din Bucure\u0219ti, iar familia sa a decis unde va fi \u00eenmorm\u00e2ntat.<\/p>\n<p>Prigoan\u0103 a fost depus \u00een cavoul familiei din Cimitirul Evanghelic Lutheran din capital\u0103, un loc unde, de altfel, au fost \u00eenmorm\u00e2nta\u021bi \u0219i al\u021bi membri ai familiei. Acest cavou, cu un design impozant din marmur\u0103 neagr\u0103, reprezenta un loc de veci simbolic pentru omul de afaceri. \u00cen plus, Silviu Prigoan\u0103 \u00ee\u0219i exprimase dorin\u021ba de a fi \u00eenmorm\u00e2ntat al\u0103turi de copilul s\u0103u pe care l-a pierdut cu 15 ani \u00een urm\u0103, dar \u0219i de tat\u0103l s\u0103u, care se afl\u0103 deja acolo.<\/p>\n<p><a href=\"https:\/\/www.realitatea.net\/stiri\/actual\/socant-silviu-prigoana-sia-organizat-parastasul-in-urma-cu-16-ani-80-de-oameni-au-participat-la-ceremonie_6737555f5468a724013053fa\" target=\"_blank\">Prigoan\u0103 a discutat<\/a> deschis despre acest subiect \u00eenainte de moartea sa, spun\u00e2nd \u00eentr-un podcast cu Bursucu c\u0103 \u00ee\u0219i preg\u0103tise locul de veci \u00eenc\u0103 de acum 30 de ani. \u201eAm \u0219ase locuri de parcare cu sicrie \u0219i 24 de urne. Tata e la etajul trei, eu voi fi la etajul doi, dar \u00eenc\u0103 m\u0103 g\u00e2ndesc s\u0103 m\u0103 incinereze fiul meu,\u201d m\u0103rturisea acesta cu o sinceritate caracteristic\u0103.<\/p>\n\n<p>\u00a0 \u00a0 \u00a0 \u00a0 \u00a0 \u00a0 Locul de veci al lui Silviu Prigoan\u0103\u00a0 \/ Sursa foto &#8211; Captur\u0103 video<\/p>\n<p><a href=\"https:\/\/www.realitatea.net\/stiri\/monden\/cum-arata-regina-intunericului-in-urma-cu-9-ani-gabriela-lucutar-nu-avea-operatii-estetice-pe-atunci_67375a87cd0cf51963163c32\" target=\"_blank\">Gabriela Lucu\u021bar<\/a>, care se ocup\u0103 cu organizarea ceremoniei, a declarat c\u0103 s-a respectat cu sfin\u021benie toate dorin\u021bele sale \u0219i a fost \u00eendeplinit fiecare detaliu a\u0219a cum s-a cerut \u00eenainte de a muri.<\/p>\n<p>\u201eA avut o moarte u\u0219oar\u0103, f\u0103r\u0103 suferin\u021b\u0103. L-am v\u0103zut \u0219i avea un chip at\u00e2t de senin, luminos. Dumnezeu l-a chemat l\u00e2ng\u0103 el, pentru c\u0103 a fost un om bun. Decesul lui a fost un \u0219oc pentru toat\u0103 lumea. Mi-a l\u0103sat o list\u0103 cu dorin\u021bele sale \u0219i le voi respecta,\u201d a spus Gabriela Lucu\u021bar. De asemenea, aceasta a men\u021bionat c\u0103 trupul ne\u00eensufle\u021bit al lui Silviu Prigoan\u0103 a fost transportat \u00een mai multe locuri speciale, inclusiv o locuin\u021b\u0103 personal\u0103 \u0219i o biseric\u0103, locuri care aveau o semnifica\u021bie aparte pentru milionar.<\/p>\n<p>Gabriela a subliniat c\u0103 fiii lui Silviu Prigoan\u0103, Honorius \u0219i fra\u021bii s\u0103i, se ocup\u0103 de tot. \u201eVrem s\u0103 respect\u0103m dorin\u021bele sale, chiar dac\u0103 nu vom putea organiza ziua a\u0219a cum \u0219i-ar fi dorit el. Dac\u0103 nu \u00eei vom \u00eendeplini dorin\u021ba cea mai important\u0103, s-ar sup\u0103ra pe noi\u201d, a explicat Regina \u00centunericului.<\/p>\n<p>\u00a0<\/p>","protected":false},"excerpt":{"rendered":"<p>Decedat din cauza unui infarct \u00een timpul unui pr\u00e2nz \u00eentr-un restaurant din Bra\u0219ov, Prigoan\u0103 a&hellip;<\/p>\n","protected":false},"author":0,"featured_media":7648,"comment_status":"open","ping_status":"open","sticky":false,"template":"","format":"standard","meta":{"footnotes":""},"categories":[2],"tags":[],"class_list":["post-7647","post","type-post","status-publish","format-standard","has-post-thumbnail","hentry","category-actual"],"_links":{"self":[{"href":"https:\/\/247stiri.ro\/index.php\/wp-json\/wp\/v2\/posts\/7647","targetHints":{"allow":["GET"]}}],"collection":[{"href":"https:\/\/247stiri.ro\/index.php\/wp-json\/wp\/v2\/posts"}],"about":[{"href":"https:\/\/247stiri.ro\/index.php\/wp-json\/wp\/v2\/types\/post"}],"replies":[{"embeddable":true,"href":"https:\/\/247stiri.ro\/index.php\/wp-json\/wp\/v2\/comments?post=7647"}],"version-history":[{"count":0,"href":"https:\/\/247stiri.ro\/index.php\/wp-json\/wp\/v2\/posts\/7647\/revisions"}],"wp:featuredmedia":[{"embeddable":true,"href":"https:\/\/247stiri.ro\/index.php\/wp-json\/wp\/v2\/media\/7648"}],"wp:attachment":[{"href":"https:\/\/247stiri.ro\/index.php\/wp-json\/wp\/v2\/media?parent=7647"}],"wp:term":[{"taxonomy":"category","embeddable":true,"href":"https:\/\/247stiri.ro\/index.php\/wp-json\/wp\/v2\/categories?post=7647"},{"taxonomy":"post_tag","embeddable":true,"href":"https:\/\/247stiri.ro\/index.php\/wp-json\/wp\/v2\/tags?post=7647"}],"curies":[{"name":"wp","href":"https:\/\/api.w.org\/{rel}","templated":true}]}}