{"id":7658,"date":"2024-11-15T14:54:30","date_gmt":"2024-11-15T14:54:30","guid":{"rendered":"https:\/\/247stiri.ro\/index.php\/2024\/11\/15\/adolescent-de-15-ani-din-cluj-trimis-in-judecata-a-agresat-sexual-sase-copii-cu-varste-cuprinse-intre-6-si-9-ani\/"},"modified":"2024-11-15T14:54:30","modified_gmt":"2024-11-15T14:54:30","slug":"adolescent-de-15-ani-din-cluj-trimis-in-judecata-a-agresat-sexual-sase-copii-cu-varste-cuprinse-intre-6-si-9-ani","status":"publish","type":"post","link":"https:\/\/247stiri.ro\/index.php\/2024\/11\/15\/adolescent-de-15-ani-din-cluj-trimis-in-judecata-a-agresat-sexual-sase-copii-cu-varste-cuprinse-intre-6-si-9-ani\/","title":{"rendered":"Adolescent de 15 ani din Cluj, trimis \u00een judecat\u0103. A agresat sexual \u015fase copii cu v\u00e2rste cuprinse \u00eentre 6 \u015fi 9 ani"},"content":{"rendered":"<p>Reprezentan\u0163ii Parchetului de pe l\u00e2ng\u0103 Judec\u0103toria Cluj-Napoca au anun\u0163at, vineri, c\u0103 procurorii au trimis \u00een judecat\u0103 un minor pentru comiterea infrac\u0163iunii de agresiune sexual\u0103 s\u0103v\u00e2r\u015fit\u0103 asupra unui minor, \u00een form\u0103 continuat\u0103 (\u015fase ac\u0163iuni materiale).\u00a0\u00a0\u201d\u00cen esen\u0163\u0103, s-a re\u0163inut c\u0103 faptele inculpatului, minor cu v\u00e2rsta cuprins\u0103 \u00eentre 14 \u2013 15 ani la momentul s\u0103v\u00e2r\u015firii infrac\u0163iunilor, care \u00een intervalul de timp 30.03.2023 \u2013 21.10.2024 (6 acte materiale), \u00een baza aceleia\u015fi rezolu\u0163ii infrac\u0163ionale, a abordat\u00a0 sub diferite pretexte, \u015fase persoane v\u0103t\u0103mate cu v\u00e2rste cuprinse \u00eentre 6 \u015fi 9 ani, \u00een parcuri pentru copii de pe raza municipiul Cluj-Napoca, \u00eentr-o tab\u0103r\u0103 de zi organizat\u0103 pe raza jude\u0163ului Cluj sau \u00eentr-o toalet\u0103 public\u0103 aflat\u0103 \u00eentr-un parc din municipiul Cluj-Napoca, iar ulterior, profit\u00e2nd de v\u00e2rsta fraged\u0103 a persoanelor v\u0103t\u0103mate \u015fi raportul de for\u0163e dintre inculpat \u015fi acestea, le-a supus pe acestea la acte de natur\u0103 sexual\u0103\u201d, au afirmat procurorii.B\u0103iatul de 15 ani trimis \u00een judecat\u0103 se afl\u0103 \u00een arest la domiciliu.<\/p>","protected":false},"excerpt":{"rendered":"<p>Reprezentan\u0163ii Parchetului de pe l\u00e2ng\u0103 Judec\u0103toria Cluj-Napoca au anun\u0163at, vineri, c\u0103 procurorii au trimis \u00een&hellip;<\/p>\n","protected":false},"author":0,"featured_media":7659,"comment_status":"open","ping_status":"open","sticky":false,"template":"","format":"standard","meta":{"footnotes":""},"categories":[2],"tags":[],"class_list":["post-7658","post","type-post","status-publish","format-standard","has-post-thumbnail","hentry","category-actual"],"_links":{"self":[{"href":"https:\/\/247stiri.ro\/index.php\/wp-json\/wp\/v2\/posts\/7658","targetHints":{"allow":["GET"]}}],"collection":[{"href":"https:\/\/247stiri.ro\/index.php\/wp-json\/wp\/v2\/posts"}],"about":[{"href":"https:\/\/247stiri.ro\/index.php\/wp-json\/wp\/v2\/types\/post"}],"replies":[{"embeddable":true,"href":"https:\/\/247stiri.ro\/index.php\/wp-json\/wp\/v2\/comments?post=7658"}],"version-history":[{"count":0,"href":"https:\/\/247stiri.ro\/index.php\/wp-json\/wp\/v2\/posts\/7658\/revisions"}],"wp:featuredmedia":[{"embeddable":true,"href":"https:\/\/247stiri.ro\/index.php\/wp-json\/wp\/v2\/media\/7659"}],"wp:attachment":[{"href":"https:\/\/247stiri.ro\/index.php\/wp-json\/wp\/v2\/media?parent=7658"}],"wp:term":[{"taxonomy":"category","embeddable":true,"href":"https:\/\/247stiri.ro\/index.php\/wp-json\/wp\/v2\/categories?post=7658"},{"taxonomy":"post_tag","embeddable":true,"href":"https:\/\/247stiri.ro\/index.php\/wp-json\/wp\/v2\/tags?post=7658"}],"curies":[{"name":"wp","href":"https:\/\/api.w.org\/{rel}","templated":true}]}}