{"id":7661,"date":"2024-11-15T14:54:31","date_gmt":"2024-11-15T14:54:31","guid":{"rendered":"https:\/\/247stiri.ro\/index.php\/2024\/11\/15\/socant-silviu-prigoana-si-a-organizat-parastasul-in-urma-cu-16-ani-80-de-oameni-au-participat-la-ceremonie\/"},"modified":"2024-11-15T14:54:31","modified_gmt":"2024-11-15T14:54:31","slug":"socant-silviu-prigoana-si-a-organizat-parastasul-in-urma-cu-16-ani-80-de-oameni-au-participat-la-ceremonie","status":"publish","type":"post","link":"https:\/\/247stiri.ro\/index.php\/2024\/11\/15\/socant-silviu-prigoana-si-a-organizat-parastasul-in-urma-cu-16-ani-80-de-oameni-au-participat-la-ceremonie\/","title":{"rendered":"\u0218ocant! Silviu Prigoan\u0103 \u0219i-a organizat PARASTASUL \u00een urm\u0103 cu 16 ani. 80 de oameni au participat la ceremonie"},"content":{"rendered":"<p>Parastasul lui Silviu Prigoan\u0103<\/p>\n<p>\u00cen urm\u0103 cu 16 ani, \u00een 2008, Silviu Prigoan\u0103 a luat o decizie care i-a uimit pe to\u021bi. Atunci, acesta \u0219i-a organizat singur ceremonia, iar la eveniment au participat peste 80 de persoane.\u00a0<\/p>\n<p><a href=\"https:\/\/www.realitatea.net\/stiri\/actual\/ce-se-alege-de-pensia-lui-silviu-prigoana-dupa-deces-afaceristul-incasa-11000-de-euro-lunar-de-la-stat_6737459932c5391552160727\" target=\"_blank\">Gestul lui Prigoan\u0103<\/a> a surprins pe toat\u0103 lumea, dar a avut \u0219i un motiv bine \u00eentemeiat pentru a face acest lucru. La momentul respectiv, omul de afaceri a vrut s\u0103 se asigure c\u0103 va avea m\u00e2ncare pe lumea cealalt\u0103.<\/p>\n<p>\u201eAm vrut s\u0103 m\u0103 asigur c\u0103 voi avea de m\u00e2ncare pe lumea cealalt\u0103 \u0219i c\u0103 totul va fi exact a\u0219a cum \u00eemi doresc. Nu vreau s\u0103 las nimic la voia \u00eent\u00e2mpl\u0103rii.\u201d spunea acesta.<\/p>\n<p>De-a lungul timpului, <a href=\"https:\/\/www.realitatea.net\/stiri\/actual\/ultimele-trei-dorinte-ale-lui-silviu-prigoana-si-inmormantarea-discreta-locurile-speciale-in-care-a-fost-dus-trupul-sau_6737014ead809310f11078a8\" target=\"_blank\">Silviu Prigoan\u0103<\/a> a vorbit de multe ori despre moarte. \u00cen cel mai recent interviu acordat \u00eenainte s\u0103 moar\u0103, omul de afaceri a recunoscut ca nu se teme deloc de moarte.<\/p>\n<p>\u201e &#8211; Sunte\u021bi preg\u0103tit pentru ceea ce urmeaz\u0103?\u00a0\u00a0 &#8211; P\u0103i mi-am cump\u0103rat de 30 de ani locul de veci!\u201d<\/p>\n<p>Silviu Prigoan\u0103 a fost \u00eenmorm\u00e2ntat pe 14 noiembrie la Cimitirul Evanghelic Lutheran din capital\u0103.\u00a0<\/p>","protected":false},"excerpt":{"rendered":"<p>Parastasul lui Silviu Prigoan\u0103 \u00cen urm\u0103 cu 16 ani, \u00een 2008, Silviu Prigoan\u0103 a luat&hellip;<\/p>\n","protected":false},"author":0,"featured_media":7662,"comment_status":"open","ping_status":"open","sticky":false,"template":"","format":"standard","meta":{"footnotes":""},"categories":[2],"tags":[],"class_list":["post-7661","post","type-post","status-publish","format-standard","has-post-thumbnail","hentry","category-actual"],"_links":{"self":[{"href":"https:\/\/247stiri.ro\/index.php\/wp-json\/wp\/v2\/posts\/7661","targetHints":{"allow":["GET"]}}],"collection":[{"href":"https:\/\/247stiri.ro\/index.php\/wp-json\/wp\/v2\/posts"}],"about":[{"href":"https:\/\/247stiri.ro\/index.php\/wp-json\/wp\/v2\/types\/post"}],"replies":[{"embeddable":true,"href":"https:\/\/247stiri.ro\/index.php\/wp-json\/wp\/v2\/comments?post=7661"}],"version-history":[{"count":0,"href":"https:\/\/247stiri.ro\/index.php\/wp-json\/wp\/v2\/posts\/7661\/revisions"}],"wp:featuredmedia":[{"embeddable":true,"href":"https:\/\/247stiri.ro\/index.php\/wp-json\/wp\/v2\/media\/7662"}],"wp:attachment":[{"href":"https:\/\/247stiri.ro\/index.php\/wp-json\/wp\/v2\/media?parent=7661"}],"wp:term":[{"taxonomy":"category","embeddable":true,"href":"https:\/\/247stiri.ro\/index.php\/wp-json\/wp\/v2\/categories?post=7661"},{"taxonomy":"post_tag","embeddable":true,"href":"https:\/\/247stiri.ro\/index.php\/wp-json\/wp\/v2\/tags?post=7661"}],"curies":[{"name":"wp","href":"https:\/\/api.w.org\/{rel}","templated":true}]}}