{"id":7671,"date":"2024-11-15T15:45:49","date_gmt":"2024-11-15T15:45:49","guid":{"rendered":"https:\/\/247stiri.ro\/index.php\/2024\/11\/15\/pnl-si-a-prezentat-candidatii-la-sibiu-nicolae-ciuca-sustinut-puternic-pentru-functia-de-presedinte-al-romaniei\/"},"modified":"2024-11-15T15:45:49","modified_gmt":"2024-11-15T15:45:49","slug":"pnl-si-a-prezentat-candidatii-la-sibiu-nicolae-ciuca-sustinut-puternic-pentru-functia-de-presedinte-al-romaniei","status":"publish","type":"post","link":"https:\/\/247stiri.ro\/index.php\/2024\/11\/15\/pnl-si-a-prezentat-candidatii-la-sibiu-nicolae-ciuca-sustinut-puternic-pentru-functia-de-presedinte-al-romaniei\/","title":{"rendered":"PNL \u0219i-a prezentat candida\u021bii la Sibiu. Nicolae Ciuc\u0103, sus\u021binut puternic pentru func\u021bia de pre\u0219edinte al Rom\u00e2niei"},"content":{"rendered":"<p>\u00cen cadrul \u00eent\u00e2lnirii, liderii locali au transmis mesaje \u00een care au subliniat valorile \u0219i realiz\u0103rile administra\u021biei liberale \u00een jude\u021bul Sibiu.<\/p>\n<p>Alin Schiau, primar de Agnita: Administra\u021bia liberal\u0103 a devenit sinonim\u0103 cu munca, performan\u021ba, dezvoltarea<\/p>\n<p>\u201ePNL a reu\u0219it s\u0103 c\u00e2\u0219tige \u00een var\u0103 Prim\u0103ria Agnita cu peste 78%. Ca liberali suntem ale\u0219i pentru a g\u0103si solu\u021bii \u0219i asta am f\u0103cut.<\/p>\n<p>Administra\u021bia liberal\u0103 a devenit sinonim\u0103 cu munca, performan\u021ba, dezvoltarea.\u00a0<\/p>\n<p>PSD se teme pentru c\u0103 \u0219tie c\u0103 Nicolae Ciuc\u0103 c\u00e2\u0219tig\u0103 \u00een turul 2. Marea spaim\u0103 a PSD sunt oamenii cinsti\u021bi\u201d, a spus Alin Schiau.<\/p>\n<p>Hora\u021biu R\u0103cuciu, primar de S\u0103li\u0219te: Vom continua s\u0103 facem fapte bune pentru Sibiu<\/p>\n<p>\u201eVom continua s\u0103 facem fapte bune pentru Sibiu.\u00a0<\/p>\n<p>Lans\u0103m o echip\u0103 care va construi un viitor \u00een care fiecare cet\u0103\u021bean s\u0103 simt\u0103 c\u0103 are un loc. Spiritul liberal se simte puternic \u00een Sibiu \u0219i \u00een multe locuri din \u021bar\u0103.\u00a0<\/p>\n<p>Rom\u00e2nia trebuie s\u0103 aib\u0103 parte de elite politice competente \u0219i dedicate\u201d, a transmis Hora\u021biu R\u0103cuciu.<\/p>\n<p>Valentin Ivan, primar Sadu: Domnule pre\u0219edinte, lua\u021bi-le oamenilor teama \u0219i da\u021bi-le \u00eencrederea\u00a0<\/p>\n<p>Primarul Valentin Ivan &#8211; cicepre\u015fedintele Asocia\u0163iei Comunelor din Rom\u00e2nia a spus c\u0103 Nicolae Ciuc\u0103 este un om al stabilit\u0103\u021bii.<\/p>\n<p>\u201eNe afl\u0103m \u00eentr-un moment \u00een care avem nevoie de stabilitate, loialitate \u0219i respect. Azi v\u0103 vorbesc din calitatea de aleg\u0103tor. Oamenii mi-au spus: vrem s\u0103 tr\u0103im \u00een \u021bara noastr\u0103, vrem s\u0103 ne reprezinte oameni care ne respect\u0103. Este important cum sim\u021bim. Mi-au amintit de un citat celebru: oamenii nu vor uita cum i-ai f\u0103cut s\u0103 se simt\u0103. Avem nevoie de lideri care \u00een\u021beleg valoarea loialit\u0103\u021bii.\u00a0<\/p>\n<p>V\u0103d l\u00e2ng\u0103 mine oameni, nu candida\u021bi, colegii mei care au grij\u0103 de oameni. V\u0103d purt\u0103torii valorilor \u00een care credem \u0219i avem nevoie.\u00a0<\/p>\n<p>Nicolae Ciuc\u0103 este un om al stabilit\u0103\u021bii, pentru care loialitatea este o valoare fundamental\u0103. Un om care a servit \u021bara inspir\u0103 lini\u0219te \u0219i calm de a lua decizii mai ales c\u00e2nd este greu.Domnule pre\u0219edinte, lua\u021bi-le oamenilor teama \u0219i da\u021bi-le \u00eencrederea\u201d, a declarat Valentin Ivan.<\/p>\n<p>Ciprian \u0218tefan, directorul Muzeului ASTRA: Valorile liberale sunt \u00een ADN-ul oamenilor harnici din Rom\u00e2nia<\/p>\n<p>\u201ePartidul Na\u021bional Liberal \u0219tie s\u0103 construiasc\u0103 drumuri de r\u0103mas acas\u0103.\u00a0Raluca Turcan este cel mai performant ministru al Culturii pe care l-a avut Rom\u00e2nia.\u00a0<\/p>\n<p>M-am al\u0103turat de pu\u021bin\u0103 vreme PNL; PNL este singurul partid care poate asigura o dezvoltare organic\u0103 a Rom\u00e2niei. Valorile liberale sunt \u00een ADN-ul oamenilor harnici din Rom\u00e2nia. \u00a0<\/p>\n<p>Nicolae Ciuc\u0103 are un CV incomparabil cu al celorlal\u021bi candida\u021bi, o experien\u021b\u0103 profesional\u0103 imbatabil\u0103.\u00a0<\/p>\n<p>Rom\u00e2nii nu dau pre\u0219edin\u021bia Rom\u00e2niei descenden\u021bilor lui Iliescu, N\u0103stase \u0219i Dragnea\u201d, a afirmat Ciprian \u0218tefan.<\/p>\n<p>Adrian Vasiu: Nicolae Ciuc\u0103 este singura variant\u0103 de pre\u0219edinte capabil s\u0103 ne reprezinte \u0219i s\u0103 ne apere \u021bara<\/p>\n<p>Adrian Vasiu, cel mai t\u00e2n\u0103r candidat pentru parlamentare al PNL Sibiu a declarat: \u201eAm toat\u0103 \u00eencrederea c\u0103 genera\u021bia noastr\u0103 va vota un parlament liberal, ca s\u0103 avem un guvern liberal care s\u0103 ne asigure acele lucruri despre care avem impresia c\u0103 ni se cuvin nou\u0103, tinerilor<\/p>\n<p>Fac parte dintr-o genera\u021bie liber\u0103, am tr\u0103it altfel dec\u00e2t p\u0103rin\u021bii no\u0219tri. Multe lucruri ni se par c\u0103 ni se cuvin.\u00a0<\/p>\n<p>Mi-am f\u0103cut prima firm\u0103 \u00een clasa a XII-a. Am cunoscut oameni care m-au \u00eenv\u0103\u021bat c\u0103 \u00een politic\u0103 se poate s\u0103 faci performan\u021b\u0103 ca \u00een mediul privat.\u00a0<\/p>\n<p>De c\u00e2te ori am mers \u00een alte \u021b\u0103ri m-am l\u0103udat c\u0103 sunt rom\u00e2n. Am toat\u0103 \u00eencrederea c\u0103 genera\u021bia noastr\u0103 va vota un parlament liberal, ca s\u0103 avem un guvern liberal care s\u0103 ne asigure acele lucruri despre care avem impresia c\u0103 ni se cuvin nou\u0103, tinerilor.\u00a0<\/p>\n<p>Domnul Nicolae Ciuc\u0103 este singura variant\u0103 de pre\u0219edinte capabil s\u0103 ne reprezinte \u0219i s\u0103 ne apere \u021bara\u201d.<\/p>\n<p>Ciprian Ciucu, primarul sectorului 6, la Sibiu: Adversarii no\u0219tri joac\u0103 murdar, noi am jucat corect<\/p>\n<p>\u201eOrganiza\u021bia PNL Sibiu e una dintre perlele Partidului Na\u021bional Liberal, datorit\u0103 performan\u021belor foarte bune.\u00a0<\/p>\n<p>Adversarii no\u0219tri joac\u0103 murdar, noi am jucat corect. Sondajele pe care le vede\u021bi sunt manipul\u0103ri. Ne batem, avem prima \u0219ans\u0103 s\u0103 intr\u0103m \u00een turul 2.\u00a0<\/p>\n<p>Mai sunt 10 zile, s\u0103 ne mobiliz\u0103m cu to\u021bii.\u00a0<\/p>\n<p>Domnul Geoan\u0103 n-a avut o carier\u0103 profesional\u0103 precum pre\u0219edintele PNL. Domnul Ciolacu nu \u0219tim ce a f\u0103cut \u00eentre liceu \u0219i mai acum. Despre \u0219efi de galerie \u0219i politicieni interzi\u0219i prin alte \u021b\u0103ri nici m\u0103car nu mai vorbesc\u201d, a explicat Ciprian Ciucu.<\/p>\n<p>Dan Motreanu: PSD nu s-a schimbat. Dac\u0103 \u00een urm\u0103 cu 20 de ani ne luptam cu m\u0103tu\u0219a Tamara a lui N\u0103stase, azi ne lupt\u0103m cu nepo\u021bii lui Ciolacu<\/p>\n<p>\u201eFa\u021b\u0103 de alte b\u0103t\u0103lii epice de dup\u0103 1989, ast\u0103zi exist\u0103 o mare diferen\u021b\u0103 \u00eentre candidatul nostru \u0219i ceilal\u021bi contracandida\u021bi. Niciodat\u0103 n-a fost at\u00e2t de dispropor\u021bionat\u0103 aceast\u0103 lupt\u0103<\/p>\n<p>V\u0103d foarte mul\u021bi prieteni \u0219i oameni de calitate, a\u0219a cum numai \u00een PNL \u00eent\u00e2lne\u0219ti, oameni care \u00eembun\u0103t\u0103\u021besc via\u021ba oamenilor zi de zi, care se pun \u00een slujba oamenilor.\u00a0<\/p>\n<p>B\u0103t\u0103lia pe care o vom da este foarte important\u0103, \u00eentr-un moment foarte important. V\u0103 spun, chiar dac\u0103 mul\u021bi mai au momente dubitative, v\u0103 spun c\u0103 vom c\u00e2\u0219tiga aceast\u0103 b\u0103t\u0103lie pentru fiecare rom\u00e2n.\u00a0<\/p>\n<p>Avem toate argumentele for\u021bei noastre organizatorice, dar \u0219i avem \u0219i argumentul votului ra\u021bional. Rom\u00e2nii \u00eentotdeauna \u0219tiu s\u0103 aleag\u0103 \u00eentre bine \u0219i r\u0103u dac\u0103 li se prezint\u0103 lucrurile clar.\u00a0<\/p>\n<p>Mul\u021bi spun c\u0103 este o campanie grea. Eu zic c\u0103 este u\u0219oar\u0103 dac\u0103 mergem din cas\u0103 \u00een cas\u0103 \u0219i vorbim cu oamenii. Votul ra\u021bional face diferen\u021ba \u00eentre candida\u021bi. Fa\u021b\u0103 de alte b\u0103t\u0103lii epice de dup\u0103 1989, ast\u0103zi exist\u0103 o mare diferen\u021b\u0103 \u00eentre candidatul nostru \u0219i ceilal\u021bi contracandida\u021bi. Niciodat\u0103 n-a fost at\u00e2t de dispropor\u021bionat\u0103 aceast\u0103 lupt\u0103.\u00a0<\/p>\n<p>M-am uitat pe sondaje s\u0103 v\u0103d ce-\u0219i doresc rom\u00e2nii de la pre\u0219edintele lor. \u00ce\u0219i doresc 4 atribute mari: s\u0103 aib\u0103 educa\u021bie, s\u0103 aib\u0103 o carier\u0103 \u0219i rezultate, s\u0103 fie un om serios \u0219i s\u0103 fie un om care \u00ee\u0219i respect\u0103 familia \u0219i are credin\u021b\u0103 \u00een familia lui. Dintre to\u021bi candida\u021bii, doar unul singur \u00eendepline\u0219te aceste condi\u021bii.\u00a0<\/p>\n<p>Nu po\u021bi s\u0103 candidezi la pre\u0219edin\u021bia Rom\u00e2niei \u0219i s\u0103 nu-\u021bi g\u0103se\u0219ti diploma de bacalaureat. Este o ofens\u0103 adus\u0103 tuturor rom\u00e2nilor care s-au educat. Nu po\u021bi s\u0103 candidezi la pre\u0219edin\u021bia Rom\u00e2niei dac\u0103 nu \u021bi-ai f\u0103cut o facultate serioas\u0103, care ast\u0103zi s-a desfiin\u021bat. Ce modele sunt ei pentru aceast\u0103 societate? \u00a0<\/p>\n<p>Din p\u0103cate foarte mul\u021bi se las\u0103 p\u0103c\u0103li\u021bi de populisme ieftine. \u0102sta este rolul nostru, s\u0103 le explic\u0103m oamenilor. Pre\u0219edintele este un reper. De aceea v\u0103 cer s\u0103 merge\u021bi s\u0103 vorbi\u021bi cu oamenii care sunt \u00een bule ale internetului unde primesc informa\u021bii false.\u00a0<\/p>\n<p>Pre\u0219edintele are trei atribute: politica de ap\u0103rare, politica extern\u0103 \u0219i numirea unui prim ministru. (&#8230;) Noi vom forma guvernul \u00een jurul unui candidat liberal, PNL reprezint\u0103 oamenii care muncesc \u0219i care \u00ee\u0219i iubesc familia, comunitatea \u0219i \u021bara. PSD nu s-a schimbat. Dac\u0103 \u00een urm\u0103 cu 20 de ani ne luptam cu m\u0103tu\u0219a Tamara a lui N\u0103stase, azi ne lupt\u0103m cu nepo\u021bii lui Ciolacu\u201d, a spus Dan Motreanu.<\/p>\n<p>Daniela C\u00eempean, pre\u0219edintele CJ Sibiu: Ceea ce am f\u0103cut \u00een Sibiu reprezint\u0103 o garan\u021bie pentru ceea ce vom face \u00een continuare<\/p>\n<p>\u201eNicolae Ciuc\u0103 a fost \u0219ef de promo\u021bie, a crescut cu credin\u021b\u0103 \u00een Dumnezeu, este un familist convins \u0219i un om de caracter<\/p>\n<p>PNL r\u0103m\u00e2ne partidul nr. 1 \u00een preferin\u021bele sibienilor. C\u00e2nd ei spun ce vor face, noi s\u0103 le spunem ce am f\u0103cut \u2013 \u0219i, har Domnului, la Sibiu avem ce ar\u0103ta.\u00a0<\/p>\n<p>Avem at\u00e2tea realiz\u0103ri de care s\u0103 fim m\u00e2ndri \u00eenc\u00e2t nu trebuie s\u0103 min\u021bim, ci doar s\u0103 spunem ce am f\u0103cut. Iar ceea ce am f\u0103cut reprezint\u0103 o garan\u021bie pentru ceea ce vom face \u00een continuare.\u00a0<\/p>\n<p>Exist\u0103 un partid care a f\u0103cut din pensiile rom\u00e2nilor nu doar tem\u0103 de campanie electoral\u0103, ci \u0219i subiect de manipulare a voturilor. Pensiile v\u00e2rstnicilor sunt bani munci\u021bi de ei, nu pomeni \u0219i nici bani sociali\u0219ti. PNL, \u00eens\u0103, a avut o abordare responsabil\u0103 fa\u021b\u0103 de recalcularea pensiilor,\u00a0<\/p>\n<p>Nicolae Ciuc\u0103 e un om de bun\u0103 credin\u021b\u0103, care c\u00e2\u0219tig\u0103 respectul \u0219i \u00eencrederea celor cu care st\u0103 de vorb\u0103 f\u0103r\u0103 niciun efort.\u00a0<\/p>\n<p>Nicolae Ciuc\u0103 e omul care s-a pus \u00een slujba \u021b\u0103rii de c\u00e2nd a intrat la liceul militar. A fost \u0219ef de promo\u021bie, a crescut cu credin\u021b\u0103 \u00een Dumnezeu, este un familist convins \u0219i un om de caracter\u201d, a transmis Daniela C\u00eempean.<\/p>","protected":false},"excerpt":{"rendered":"<p>\u00cen cadrul \u00eent\u00e2lnirii, liderii locali au transmis mesaje \u00een care au subliniat valorile \u0219i realiz\u0103rile&hellip;<\/p>\n","protected":false},"author":0,"featured_media":7672,"comment_status":"open","ping_status":"open","sticky":false,"template":"","format":"standard","meta":{"footnotes":""},"categories":[3],"tags":[],"class_list":["post-7671","post","type-post","status-publish","format-standard","has-post-thumbnail","hentry","category-politica"],"_links":{"self":[{"href":"https:\/\/247stiri.ro\/index.php\/wp-json\/wp\/v2\/posts\/7671","targetHints":{"allow":["GET"]}}],"collection":[{"href":"https:\/\/247stiri.ro\/index.php\/wp-json\/wp\/v2\/posts"}],"about":[{"href":"https:\/\/247stiri.ro\/index.php\/wp-json\/wp\/v2\/types\/post"}],"replies":[{"embeddable":true,"href":"https:\/\/247stiri.ro\/index.php\/wp-json\/wp\/v2\/comments?post=7671"}],"version-history":[{"count":0,"href":"https:\/\/247stiri.ro\/index.php\/wp-json\/wp\/v2\/posts\/7671\/revisions"}],"wp:featuredmedia":[{"embeddable":true,"href":"https:\/\/247stiri.ro\/index.php\/wp-json\/wp\/v2\/media\/7672"}],"wp:attachment":[{"href":"https:\/\/247stiri.ro\/index.php\/wp-json\/wp\/v2\/media?parent=7671"}],"wp:term":[{"taxonomy":"category","embeddable":true,"href":"https:\/\/247stiri.ro\/index.php\/wp-json\/wp\/v2\/categories?post=7671"},{"taxonomy":"post_tag","embeddable":true,"href":"https:\/\/247stiri.ro\/index.php\/wp-json\/wp\/v2\/tags?post=7671"}],"curies":[{"name":"wp","href":"https:\/\/api.w.org\/{rel}","templated":true}]}}