{"id":7673,"date":"2024-11-15T15:45:49","date_gmt":"2024-11-15T15:45:49","guid":{"rendered":"https:\/\/247stiri.ro\/index.php\/2024\/11\/15\/rares-bogdan-elena-lasconi-a-bagat-gratuit-in-ciorba-din-carpati-un-fost-ambasador-sua-in-romania\/"},"modified":"2024-11-15T15:45:49","modified_gmt":"2024-11-15T15:45:49","slug":"rares-bogdan-elena-lasconi-a-bagat-gratuit-in-ciorba-din-carpati-un-fost-ambasador-sua-in-romania","status":"publish","type":"post","link":"https:\/\/247stiri.ro\/index.php\/2024\/11\/15\/rares-bogdan-elena-lasconi-a-bagat-gratuit-in-ciorba-din-carpati-un-fost-ambasador-sua-in-romania\/","title":{"rendered":"Rare\u0219 Bogdan: \u201eElena Lasconi a b\u0103gat gratuit \u00een ciorba din Carpa\u021bi un fost ambasador SUA \u00een Rom\u00e2nia\u201d"},"content":{"rendered":"<p>\u201eDeclara\u021biile Elenei Lasconi frizeaz\u0103 absurdul \u0219i ridicolul, dar totu\u0219i au o doza de responsabilitate destul de mare. Ea reprezint\u0103 a treia for\u021b\u0103 politic\u0103 din Parlamentul Rom\u00e2niei \u0219i cred c\u0103 \u00eenc\u0103 nu a aflat c\u0103 Donald Trump a c\u00e2\u0219tigat alegerile \u00een SUA. Ori ea \u00eel acuz\u0103 pe fostul ambasador republican \u00een Rom\u00e2nia, care chiar azi e invitat la re\u0219edin\u021ba lui Trump Mar-a-Lago. S\u0103 bagi \u00een campanie un fost ambasador SUA e gre\u0219it.<\/p>\n<p>Ea merge pe victimizare sper\u00e2nd c\u0103 va lua voturi din bazinul aleg\u0103torilor de dreapta. Ar fi bine s\u0103 ne spun\u0103 \u0219i cu cine a vorbit de la PNL. C\u0103 eu sunt unul dintre liderii partidului, iar colegii mei mi-au spus ca niciunul nu a vorbit cu ea. Eu nu am num\u0103rul lui Lasconi, cum nici Adrian Zuckerman nu are num\u0103rul ei.<\/p>\n<p>Aceast\u0103 ac\u021biune arat\u0103 disperarea d\u00e2nsei, se vede c\u0103 nu rezist\u0103 la presiunea unei campanii preziden\u021biale \u0219i a clacat. Arunc\u0103 partidul \u00eentr-o zon\u0103 a declara\u021biilor iresponsabile. Totu\u0219i, s\u0103 introduci \u00een \u201eciorba din Carpa\u021bi\u201d un om care a reprezentat SUA aici este dovad\u0103 de iresponsabilitate. Elena Lasconi ar trebui oprit\u0103 din aceste ac\u021biuni, pentru c\u0103 aduc atingere de imagine chiar \u0219i Rom\u00e2niei. Ea este cotat\u0103 \u00eentre primii cinci candida\u021bi la alegerile preziden\u021biale, iar astfel de declara\u021bii fa\u021b\u0103 de un ambasador SUA, care poate s\u0103 revin\u0103 oric\u00e2nd la noi \u00een \u021bar\u0103, este lips\u0103 de tact politic. Dumneaei oricum nu st\u0103p\u00e2ne\u0219te multe teritorii, iar acum pare s\u0103 fie rupt\u0103 totalmente \u0219i de politica la nivel \u00eenalt\u201d, a declarat Rare\u0219 Bogdan la Realitatea Plus.\u00a0<\/p>\n<p>De unde a pornit \u00eentregul scandal<\/p>\n<p>Elena Lasconi l-a acuzat pe Adrian Zuckerman c\u0103 ar face presiuni ca ea s\u0103 se retrag\u0103 din cursa preziden\u021bial\u0103. Adrian Zuckerman, fost ambasador \u00een primul mandat al lui Donald Trump, s-a num\u0103rat printre sus\u0163in\u0103torii liderului PNL Nicolae Ciuc\u0103 la dezbaterea organizat\u0103 s\u0103pt\u0103m\u00e2na trecut\u0103 la un post TV.<\/p>\n<p>\u201eAcest individ nu-\u015fi \u0163ine gura, a vorbit cu foarte mul\u0163i oameni, s-a l\u0103udat cu asta, c\u0103 el o s\u0103 fie cel care m\u0103 va scoate pe mine din aceast\u0103 curs\u0103\u201d, a spus Elena Lasconi la un post TV. Lasconi, care l-a numit pe Zuckerman \u201dom de afaceri e\u015fuat\u201d, sus\u0163ine c\u0103 nu ia \u00een calcul s\u0103 se retrag\u0103 din curs\u0103. \u201dNiciodat\u0103 nu voi \u00eengenunchea \u015fi niciodat\u0103 nu m\u0103 voi retrage\u201d, a spus ea.<\/p>\n<p>Elena LAsconia a ad\u0103ugat c\u0103 \u201daceste presiuni sunt doar o pic\u0103tur\u0103 din jocul mare pe care \u00eencearc\u0103 s\u0103-l fac\u0103 Ciolacu, Ciuc\u0103, Geoan\u0103 \u0219i Simion. Presiunile la adresa unui candidat pentru a se retrage nu sunt o chestiune de siguran\u021b\u0103 na\u021bional\u0103, dar ceea ce a f\u0103cut Simion, pentru ce e interzis \u00een dou\u0103 \u021b\u0103ri vecine, este. Marcel Ciolacu, Nicolae Ciuc\u0103, Mircea Geoan\u0103 care se tot laud\u0103 c\u0103 a fost num\u0103rul 2 la NATO \u0219i e un om informat, trebuie s\u0103 ne r\u0103spund\u0103 la dou\u0103 \u00eentreb\u0103ri simple: 1. Cu cine s-a v\u0103zut Simion? 2. Ce au discutat? R\u0103spunsurile la cele dou\u0103 \u00eentreb\u0103ri le \u0219tiu Ciolacu, Ciuc\u0103, Geoan\u0103 \u0219i Simion. Singurii care nu \u0219tiu aceste r\u0103spunsuri suntem noi, cet\u0103\u021benii. \u0218i noi avem nevoie de aceste r\u0103spunsuri\u201d.<\/p>","protected":false},"excerpt":{"rendered":"<p>\u201eDeclara\u021biile Elenei Lasconi frizeaz\u0103 absurdul \u0219i ridicolul, dar totu\u0219i au o doza de responsabilitate destul&hellip;<\/p>\n","protected":false},"author":0,"featured_media":7670,"comment_status":"open","ping_status":"open","sticky":false,"template":"","format":"standard","meta":{"footnotes":""},"categories":[2],"tags":[],"class_list":["post-7673","post","type-post","status-publish","format-standard","has-post-thumbnail","hentry","category-actual"],"_links":{"self":[{"href":"https:\/\/247stiri.ro\/index.php\/wp-json\/wp\/v2\/posts\/7673","targetHints":{"allow":["GET"]}}],"collection":[{"href":"https:\/\/247stiri.ro\/index.php\/wp-json\/wp\/v2\/posts"}],"about":[{"href":"https:\/\/247stiri.ro\/index.php\/wp-json\/wp\/v2\/types\/post"}],"replies":[{"embeddable":true,"href":"https:\/\/247stiri.ro\/index.php\/wp-json\/wp\/v2\/comments?post=7673"}],"version-history":[{"count":0,"href":"https:\/\/247stiri.ro\/index.php\/wp-json\/wp\/v2\/posts\/7673\/revisions"}],"wp:featuredmedia":[{"embeddable":true,"href":"https:\/\/247stiri.ro\/index.php\/wp-json\/wp\/v2\/media\/7670"}],"wp:attachment":[{"href":"https:\/\/247stiri.ro\/index.php\/wp-json\/wp\/v2\/media?parent=7673"}],"wp:term":[{"taxonomy":"category","embeddable":true,"href":"https:\/\/247stiri.ro\/index.php\/wp-json\/wp\/v2\/categories?post=7673"},{"taxonomy":"post_tag","embeddable":true,"href":"https:\/\/247stiri.ro\/index.php\/wp-json\/wp\/v2\/tags?post=7673"}],"curies":[{"name":"wp","href":"https:\/\/api.w.org\/{rel}","templated":true}]}}