{"id":7676,"date":"2024-11-15T15:45:50","date_gmt":"2024-11-15T15:45:50","guid":{"rendered":"https:\/\/247stiri.ro\/index.php\/2024\/11\/15\/ministrul-afacerilor-externe-de-la-budapesta-vrea-ca-romania-sa-intre-in-schengen-interesele-nationale-coincid\/"},"modified":"2024-11-15T15:45:50","modified_gmt":"2024-11-15T15:45:50","slug":"ministrul-afacerilor-externe-de-la-budapesta-vrea-ca-romania-sa-intre-in-schengen-interesele-nationale-coincid","status":"publish","type":"post","link":"https:\/\/247stiri.ro\/index.php\/2024\/11\/15\/ministrul-afacerilor-externe-de-la-budapesta-vrea-ca-romania-sa-intre-in-schengen-interesele-nationale-coincid\/","title":{"rendered":"Ministrul Afacerilor Externe de la Budapesta vrea ca Rom\u00e2nia s\u0103 intre \u00een Schengen. \u201eInteresele na\u0163ionale coincid\u201d"},"content":{"rendered":"<p>&#8222;\u00cen continuare, trebuie s\u0103 facem tot posibilul ca Rom\u00e2nia, \u00een sf\u00e2r\u015fit, s\u0103 intre \u00een spa\u0163iul Schengen ca membru cu drepturi depline. Aici vorbim despre o chestiune \u00een care interesele na\u0163ionale ale Rom\u00e2niei \u015fi interesele na\u0163ionale ale Ungariei, respectiv ale celor dou\u0103 popoare, coincid \u00een totalitate. Din acest motiv, la fel cum \u00een decursul celor patru luni ale pre\u015fedin\u0163iei ungare (a Consiliului UE n.r.) de p\u00e2n\u0103 acum, vom face tot posibilul, vom mobiliza tot \u015fi vom \u00eencerca s\u0103-i convingem pe to\u0163i (&#8230;) \u00een urm\u0103toarele dou\u0103 luni, \u00een a\u015fa fel \u00eenc\u00e2t Rom\u00e2nia s\u0103 poat\u0103 intra \u00een spa\u0163iul Schengen, \u00een sf\u00e2r\u015fit. Interesul nostru este ca vie\u0163ile comunit\u0103\u0163ilor din cele dou\u0103 p\u0103r\u0163i ale grani\u0163ei s\u0103 fie legate de cele mai puternice \u0163es\u0103turi, pentru care avem nevoie de statutul de membru Schengen&#8221;, a declarat Szijj\u00e1rt\u00f3 P\u00e9ter, \u00eentr-o conferin\u0163\u0103 de pres\u0103, conform traducerii asigurate de organizatori.\u00centrebat despre faptul c\u0103 premierul Rom\u00e2niei, Marcel Ciolacu, a declarat c\u0103 anul acesta se va lua decizia privind intrarea Rom\u00e2niei \u015fi cu frontierele terestre \u00een Schengen, oficialul de la Budapesta \u015fi-a exprimat speran\u0163a c\u0103 acest lucru se va \u00eent\u00e2mpla \u015fi a sus\u0163inut c\u0103 oficialii celor dou\u0103 guverne \u0163in leg\u0103tura aproape zilnic cu privire la aceast\u0103 chestiune.<\/p>\n<p><a title=\"Austria nu se mai opune si deschide drumul catre Schengen pentru Romania si Bulgaria\" href=\"https:\/\/www.realitatea.net\/stiri\/actual\/austria-nu-se-mai-opune-si-deschide-drumul-catre-schengen-pentru-romania-si-bulgaria_6733b59349698f35d03adfc2\">Austria nu se mai opune \u0219i deschide drumul c\u0103tre Schengen pentru Rom\u00e2nia \u0219i Bulgaria<\/a>&#8222;Sincer, sper c\u0103 domnul prim-ministru are dreptate, iar dac\u0103 va avea dreptate este o veste bun\u0103 pentru noi. Lucr\u0103m mult \u00een vederea ob\u0163inerii ader\u0103rii Rom\u00e2niei la spa\u0163iul Schengen p\u00e2n\u0103 la sf\u00e2r\u015fitul anului. Pe 12 decembrie va avea \u015fedin\u0163\u0103 consiliul de mini\u015ftri de interne \u015fi justi\u0163ie (JAI &#8211; Consiliul Justi\u0163ie \u015fi Afaceri Interne n.r.). Am vrea ca (atunci n.r.) cel t\u00e2rziu s\u0103 se ia aceast\u0103 decizie, motiv pentru care aproape \u0163inem leg\u0103tura zilnic\u0103 cu Guvernul Rom\u00e2niei. Mini\u015ftrii de Interne, practic, lucreaz\u0103 \u00een cooperare foarte str\u00e2ns\u0103. \u015ei eu m-am \u00eent\u00e2lnit cu domnul ministru de Interne \u015fi facem tot posibilul, mobiliz\u0103m totul, s\u0103 atingem acest scop&#8221;, a r\u0103spuns Szijj\u00e1rt\u00f3 P\u00e9ter.Acest subiect a fost atins \u015fi \u00een cadrul unui forum la care \u015feful diploma\u0163iei ungare a participat, la Miercurea-Ciuc, al\u0103turi de liderul UDMR, Kelemen Hunor, el sus\u0163in\u00e2nd c\u0103 \u00een trecut era &#8222;inimaginabil&#8221; ca interesul na\u0163ional al Rom\u00e2niei \u015fi interesul na\u0163ional al Ungariei s\u0103 coincid\u0103, dar c\u0103 acest lucru se \u00eent\u00e2mpl\u0103 acum, \u00een cazul ader\u0103rii \u0163\u0103rii noastre la Schengen.Acesta a afirmat c\u0103 &#8222;traficul economic dintre cele dou\u0103 \u0163\u0103ri este \u00een continu\u0103 cre\u015ftere, Rom\u00e2nia fiind &#8222;exportatorul cel mai puternic c\u0103tre Ungaria&#8221;, iar lucrurile pozitive pot fi duse mai departe, &#8222;dac\u0103 aceste bariere artificiale nu ar mai exista&#8221;.Pe l\u00e2ng\u0103 participarea la forum, ministrul Afacerilor Externe al Ungariei a vizitat catedrala franciscan\u0103 din \u015eumuleu Ciuc \u015fi clubul de fotbal din municipiul Miercurea-Ciuc.Consiliul UE este condus prin rota\u0163ie de c\u00e2te un stat membru, pentru c\u00e2te 6 luni, iar Ungaria asigur\u0103 aceast\u0103 pre\u015fedin\u0163ie \u00een intervalul 1 iulie-31 decembrie 2024.\u00a0<\/p>\n<p><a title=\"Cine este aleasa lui Trump pentru a conduce serviciile secrete americane. Are zero experienta in domeniu si este vazuta ca fiind indulgenta fata de Rusia si Siria\" href=\"https:\/\/www.realitatea.net\/stiri\/actual\/cine-este-aleasa-lui-trump-pentru-a-conduce-serviciile-secrete-americane-are-zero-experienta-in-domeniu-si-este-vazuta-ca-fiind-indulgenta-fata-de-rusia-si-siria_67375c5aeb8dc559e41a8d02\">Cine este aleasa lui Trump pentru a conduce serviciile secrete americane. Are zero experien\u021b\u0103 \u00een domeniu \u0219i este v\u0103zut\u0103 ca fiind indulgent\u0103 fa\u0163\u0103 de Rusia \u015fi Siria<\/a><\/p>","protected":false},"excerpt":{"rendered":"<p>&#8222;\u00cen continuare, trebuie s\u0103 facem tot posibilul ca Rom\u00e2nia, \u00een sf\u00e2r\u015fit, s\u0103 intre \u00een spa\u0163iul&hellip;<\/p>\n","protected":false},"author":0,"featured_media":7668,"comment_status":"open","ping_status":"open","sticky":false,"template":"","format":"standard","meta":{"footnotes":""},"categories":[2],"tags":[],"class_list":["post-7676","post","type-post","status-publish","format-standard","has-post-thumbnail","hentry","category-actual"],"_links":{"self":[{"href":"https:\/\/247stiri.ro\/index.php\/wp-json\/wp\/v2\/posts\/7676","targetHints":{"allow":["GET"]}}],"collection":[{"href":"https:\/\/247stiri.ro\/index.php\/wp-json\/wp\/v2\/posts"}],"about":[{"href":"https:\/\/247stiri.ro\/index.php\/wp-json\/wp\/v2\/types\/post"}],"replies":[{"embeddable":true,"href":"https:\/\/247stiri.ro\/index.php\/wp-json\/wp\/v2\/comments?post=7676"}],"version-history":[{"count":0,"href":"https:\/\/247stiri.ro\/index.php\/wp-json\/wp\/v2\/posts\/7676\/revisions"}],"wp:featuredmedia":[{"embeddable":true,"href":"https:\/\/247stiri.ro\/index.php\/wp-json\/wp\/v2\/media\/7668"}],"wp:attachment":[{"href":"https:\/\/247stiri.ro\/index.php\/wp-json\/wp\/v2\/media?parent=7676"}],"wp:term":[{"taxonomy":"category","embeddable":true,"href":"https:\/\/247stiri.ro\/index.php\/wp-json\/wp\/v2\/categories?post=7676"},{"taxonomy":"post_tag","embeddable":true,"href":"https:\/\/247stiri.ro\/index.php\/wp-json\/wp\/v2\/tags?post=7676"}],"curies":[{"name":"wp","href":"https:\/\/api.w.org\/{rel}","templated":true}]}}