{"id":7679,"date":"2024-11-15T16:46:16","date_gmt":"2024-11-15T16:46:16","guid":{"rendered":"https:\/\/247stiri.ro\/index.php\/2024\/11\/15\/povestea-blocului-cu-un-singur-balcon-unic-in-romania-unde-se-afla-ciudatenia-urbanistica-ascunde-un-mare-secret\/"},"modified":"2024-11-15T16:46:16","modified_gmt":"2024-11-15T16:46:16","slug":"povestea-blocului-cu-un-singur-balcon-unic-in-romania-unde-se-afla-ciudatenia-urbanistica-ascunde-un-mare-secret","status":"publish","type":"post","link":"https:\/\/247stiri.ro\/index.php\/2024\/11\/15\/povestea-blocului-cu-un-singur-balcon-unic-in-romania-unde-se-afla-ciudatenia-urbanistica-ascunde-un-mare-secret\/","title":{"rendered":"Povestea blocului cu un singur balcon, unic \u00een Rom\u00e2nia. Unde se afl\u0103 ciud\u0103\u021benia urbanistic\u0103 &#8211; ascunde\u00a0un\u00a0mare\u00a0SECRET"},"content":{"rendered":"<p>Imobilul a fost ridicat \u00een 1961, \u00een Pia\u0163a Mihai Viteazu din centrul Clujului, la num\u0103rul 9A, pe amplasamentul fostei pie\u0163e de animale, pe malul r\u00e2ului Some\u015f. Pe una din cele dou\u0103 fa\u0163ade masive blocul, care include 31 de apartamente, a fost construit cu un singur balcon. Acesta este amplasat la etajul 3, din 4, reprezent\u00e2nd o ciud\u0103\u021benie urbanistic\u0103 din punct de vedere architectural. Practic balconul pare un naufragiat clandestin pe o insul\u0103 din mijlocul unei m\u0103ri de beton, de altfel obosit\u0103 de vreme, scrie <a href=\"https:\/\/adevarul.ro\/stiri-locale\/cluj-napoca\/ciudatenia-urbanistica-unica-in-romania-cum-a-1688415.html\" target=\"_blank\">adev\u0103rul.ro<\/a>.<\/p>\n<p>Potrivit <a href=\"https:\/\/clujwebstory.ro\/blocul-cu-un-singur-balcon-din-piata-mihai-viteazul\/\" target=\"_blank\">clujwebstory.ro<\/a>, multe dintre dileme au sporit datorit\u0103 contextului social \u0219i politic existent atunci, \u0219i anume cum de i s-a permis arhitectului \u00eentr-o perioad\u0103 at\u00e2t de restrictiv\u0103 s\u0103 etaleze acest proiect neobi\u0219nuit, iar Eugen P\u0103nescu spune c\u0103 aceast\u0103 permisivitate vine din imaginea extrem de bun\u0103 pe care \u0219i-o f\u0103cuse arhitectul at\u00e2t \u00een bran\u0219\u0103 c\u00e2t \u0219i printre deciden\u021bii politici.<\/p>\n<p>Arhitectul Vasile Mitrea, unul din cei mai aprecia\u0163i speciali\u015fti \u00een urbanism din Cluj, cu zeci de ani de experien\u0163\u0103 \u00een domeniu, exclude specula\u0163iile potrivit c\u0103rora balconul ar fi avut un singur balcon ca dedica\u0163ie pentru vreaun \u015ftab din comunism.<\/p>\n<p>\u201eProblema nu e at\u00e2t de complicat\u0103, dar nici de spectaculoas\u0103. Solu\u0163ia final\u0103 a rezultat dintr-o problem\u0103 de compozi\u0163ie. Fa\u0163ada lateral\u0103, dinspre complexul alimentar, are \u00een st\u00e2nga jos o u\u015f\u0103, iar balconul din dreapta sus a ap\u0103rut s\u0103 echilibreze estetic fa\u0163ada.\u00a0 Este a\u015fadar o rezolvare mai personalizat\u0103 a unei fa\u0163ade de bloc. Arhitectul era unul destul de bine v\u0103zut, profesional, \u00een epoc\u0103, astfel c\u0103 i s-a permis aceast\u0103 \u2018abordare\u2019 proprie\u201d, a explicat Vasile Mitrea.<\/p>\n\n<p>Profesorul Vladimir-Alexandru Bogosavlievici, \u00een cadrul seriei de tururi ghidate prin Cluj-Napoca, din seria \u201eRe-descoperim Clujul\u201d, a oferit mai multe explica\u021bii despre istoria construirii acestui balcon:<\/p>\n<p>\u201eUnii spun c\u0103 blocul a fost f\u0103cut de pu\u0219c\u0103ria\u0219i, care nu au \u021binut cont de sfaturile arhitectului, dar cade aceast\u0103 varianta.<\/p>\n<p>A doua variant\u0103 a fost c\u0103 balconul a fost f\u0103cut special pentru un \u0219tab, dar \u0219i aceasta cade.<\/p>\n<p>P\u00e2n\u0103 la urm\u0103 un arhitect de-al nostru, Vasile Mitrea, ne-a spus c\u0103 a fost un capriciu al arhitectului Balazs Zoltan. Are acolo un balcona\u0219 \u0219i are acolo \u0219i o u\u0219i\u021b\u0103 \u0219i are un fel de vedere \u00een ansamblu. A fost un capriciu al acestui arhitect.<\/p>\n<p>Sigur, lumea are tot timpul dorin\u021ba de a hiperboliza \u0219i de a aduce ni\u0219te variante fantastice. Acestea plac mai mult publicului, dar nu e adev\u0103rat\u201d, a spus profesorul Vladimir-Alexandru Bogosavlievici.<\/p>\n<p>O alt\u0103 explica\u021bie, pu\u021bin mai plauzibil\u0103, este graba \u0219i dorin\u021ba de a face economii \u00een acea vremuri de restri\u0219te. Blocul a fost proiectat cu balcoane pentru fiecare apartament. Numai c\u0103, spre finalul lucr\u0103rii, un \u201etovar\u0103\u0219\u201d de partid mai zelos ar fi ordonat \u00een ultima clip\u0103 ca blocul s\u0103 nu mai aib\u0103 balcoane, noteaz\u0103 <a href=\"https:\/\/www.fanatik.ro\/blocul-din-romania-cu-un-singur-balcon-cladirea-are-nu-mai-putin-de-5-etaje-si-multi-turisti-straini-au-venit-sa-o-vada-20655779\" target=\"_blank\">fanatik.ro<\/a>.<\/p>\n<p>Administratorul blocului ofer\u0103 o alt\u0103 explica\u0163ie pentru situa\u0163ia existent\u0103. Potrivit lui, blocul a fost construit de de\u0163inu\u0163i de drept comun \u015fi nu de o echip\u0103 propriu-zis\u0103 de construc\u0163ii. \u00cen acest sens el a explicat c\u0103 \u00een istoricul cl\u0103dirii a existat riscul ca aceasta s\u0103 se pr\u0103bu\u015feasc\u0103 spre interior \u015fi de aceea au fost monta\u0163i st\u00e2lpi metalici de sus\u0163inere.<\/p>\n<p>\u00a0<\/p>","protected":false},"excerpt":{"rendered":"<p>Imobilul a fost ridicat \u00een 1961, \u00een Pia\u0163a Mihai Viteazu din centrul Clujului, la num\u0103rul&hellip;<\/p>\n","protected":false},"author":0,"featured_media":7680,"comment_status":"open","ping_status":"open","sticky":false,"template":"","format":"standard","meta":{"footnotes":""},"categories":[8],"tags":[],"class_list":["post-7679","post","type-post","status-publish","format-standard","has-post-thumbnail","hentry","category-lifestyle"],"_links":{"self":[{"href":"https:\/\/247stiri.ro\/index.php\/wp-json\/wp\/v2\/posts\/7679","targetHints":{"allow":["GET"]}}],"collection":[{"href":"https:\/\/247stiri.ro\/index.php\/wp-json\/wp\/v2\/posts"}],"about":[{"href":"https:\/\/247stiri.ro\/index.php\/wp-json\/wp\/v2\/types\/post"}],"replies":[{"embeddable":true,"href":"https:\/\/247stiri.ro\/index.php\/wp-json\/wp\/v2\/comments?post=7679"}],"version-history":[{"count":0,"href":"https:\/\/247stiri.ro\/index.php\/wp-json\/wp\/v2\/posts\/7679\/revisions"}],"wp:featuredmedia":[{"embeddable":true,"href":"https:\/\/247stiri.ro\/index.php\/wp-json\/wp\/v2\/media\/7680"}],"wp:attachment":[{"href":"https:\/\/247stiri.ro\/index.php\/wp-json\/wp\/v2\/media?parent=7679"}],"wp:term":[{"taxonomy":"category","embeddable":true,"href":"https:\/\/247stiri.ro\/index.php\/wp-json\/wp\/v2\/categories?post=7679"},{"taxonomy":"post_tag","embeddable":true,"href":"https:\/\/247stiri.ro\/index.php\/wp-json\/wp\/v2\/tags?post=7679"}],"curies":[{"name":"wp","href":"https:\/\/api.w.org\/{rel}","templated":true}]}}