{"id":7685,"date":"2024-11-15T16:46:18","date_gmt":"2024-11-15T16:46:18","guid":{"rendered":"https:\/\/247stiri.ro\/index.php\/2024\/11\/15\/gabriel-oprea-nicolae-ciuca-are-cele-mai-mari-sanse-de-a-intra-in-turul-2-cred-ca-romanii-vor-vota-candidatul-care-le-va-aduce-siguranta-la-granita\/"},"modified":"2024-11-15T16:46:18","modified_gmt":"2024-11-15T16:46:18","slug":"gabriel-oprea-nicolae-ciuca-are-cele-mai-mari-sanse-de-a-intra-in-turul-2-cred-ca-romanii-vor-vota-candidatul-care-le-va-aduce-siguranta-la-granita","status":"publish","type":"post","link":"https:\/\/247stiri.ro\/index.php\/2024\/11\/15\/gabriel-oprea-nicolae-ciuca-are-cele-mai-mari-sanse-de-a-intra-in-turul-2-cred-ca-romanii-vor-vota-candidatul-care-le-va-aduce-siguranta-la-granita\/","title":{"rendered":"Gabriel Oprea: \u201eNicolae Ciuc\u0103 are cele mai mari \u0219anse de a intra \u00een turul 2. Cred c\u0103 rom\u00e2nii vor vota candidatul care le va aduce siguran\u021b\u0103 la grani\u021b\u0103\u201d"},"content":{"rendered":"<p>\u201eDac\u0103 ne uit\u0103m la cifre, Nicolae Ciuc\u0103 \u0219i George Simion sunt candida\u021bi la locul 2 \u0219i implicit la turul 2.\u00a0Un singur procent \u00eentre ei, diferen\u021ba este c\u0103 Nicolae Ciuc\u0103 are \u00een spate un partid foarte puternic,\u00a0un partid bine reprezentat la nivel na\u021bional, \u00een timp ce George Simion vine doar cu un elan, c\u0103 nu \u0219tiu cum s\u0103-i spun.\u00a0E un personaj ap\u0103rut din neant, dar care se \u021bine tare ca s\u0103 spun a\u0219a \u0219i e un personaj pitoresc.\u00a0Aici la noi, \u00een Balcani, c\u0103ut\u0103 s\u0103 speculeze patriotismul, se bate.<\/p>\n<p>Pe de alt\u0103 parte, generalul Ciuc\u0103 are un partid mare, un partid de tradi\u021bie, PNL, are primari, consilii jude\u021bene, pre\u0219edin\u021bi de consilii jude\u021bene.\u00a0Are un mecanism politic de aceea, cred eu, la experien\u021ba pe care o am,\u00a0c\u0103 are cele mai mari \u0219anse de a intra \u00een turul 2.<\/p>\n<p>Eu a\u0219 vrea s\u0103 discut\u0103m, cel pu\u021bin din punctul meu de vedere, pentru cine intr\u0103 \u00een turul 2.\u00a0De ce? Fiindc\u0103 vom avea de discutat, pe urm\u0103, \u00een finala pentru turul 2.\u00a0\u0218i va fi un subiect de discu\u021bie ceilal\u021bi spre cine \u00eendreapt\u0103 voturile. Alegerile s\u0103 c\u00e2\u0219tig\u0103 pe emo\u021bie, pe ur\u0103, pe mobilizare.<\/p>\n<p>Eu cred c\u0103 adev\u0103rata final\u0103 este \u00een turul 1.\u00a0Va fi o b\u0103t\u0103lie f\u0103r\u0103 precedent pentru cel care ocup\u0103 locul 2.\u00a0 Aici este o adev\u0103rat\u0103 final\u0103, ca niciodat\u0103, a\u0219 putea spune,\u00a0cu 3-4 candida\u021bi chiar care se lupt\u0103 cu \u0219anse teoretice pentru locul 2.\u00a0De aceea, se vine cu acuza\u021bii.\u00a0Acuza\u021bii grave, atacuri f\u0103r\u0103 precedent. \u0218i ve\u021bi vedea c\u0103, pe m\u0103sur\u0103 ce ne apropiem de data alegerilor,\u00a0acestea se vor radicaliza. Repet, \u00eenc\u0103 o dat\u0103, alegerile s\u0103 c\u00e2\u0219tig\u0103 pe emo\u021bie \u0219i pe ur\u0103\u201d, a spus Gabriel Oprea.<\/p>\n<p>Referitor la sondajul pe partide, care arat\u0103 c\u0103 PSD are 31% din procente, iar PNL 20%, acesta a spus: \u201eDac\u0103 vor merge \u00eempreun\u0103 dup\u0103 alegeri, au varianta unei coali\u021bii. V\u0103 spun o p\u0103rere personal\u0103 de un om cu oarecare experien\u021b\u0103,\u00a0spun eu, \u00een politic\u0103. Eu, Gabriel Oprea, nu v\u0103d alt\u0103 coali\u021bie de guvernare \u00een viitor dec\u00e2t PSD, PNL, cu tot ce se \u00eent\u00e2mpl\u0103 ast\u0103zi \u00een lume. Pentru stabilitatea na\u021bional\u0103 se bag\u0103 orice sub pre\u0219.\u00a0Nu se discut\u0103.\u00a0Pe de alt\u0103 parte, \u00een politic\u0103, niciodat\u0103 s\u0103 nu spui niciodat\u0103. E competi\u021bie.\u00a0Este b\u0103t\u0103lie. Eu cred c\u0103 aceast\u0103 coali\u021bie de ast\u0103zi va continua \u0219i \u00een viitor\u201d.<\/p>\n<p>Gabriel Oprea mizeaz\u0103 pe faptul c\u0103 Nicolae Ciuc\u0103 are cele mai mari \u0219anse de a intra \u00een turul 2, al\u0103turi de Marcel Ciolacu. \u201eCred c\u0103 rom\u00e2nii vor vota candidatul care le va aduce siguran\u021b\u0103 la grani\u021b\u0103 \u0219i pentru lini\u0219tea familiilor lor\u201d.<\/p>","protected":false},"excerpt":{"rendered":"<p>\u201eDac\u0103 ne uit\u0103m la cifre, Nicolae Ciuc\u0103 \u0219i George Simion sunt candida\u021bi la locul 2&hellip;<\/p>\n","protected":false},"author":0,"featured_media":7682,"comment_status":"open","ping_status":"open","sticky":false,"template":"","format":"standard","meta":{"footnotes":""},"categories":[2],"tags":[],"class_list":["post-7685","post","type-post","status-publish","format-standard","has-post-thumbnail","hentry","category-actual"],"_links":{"self":[{"href":"https:\/\/247stiri.ro\/index.php\/wp-json\/wp\/v2\/posts\/7685","targetHints":{"allow":["GET"]}}],"collection":[{"href":"https:\/\/247stiri.ro\/index.php\/wp-json\/wp\/v2\/posts"}],"about":[{"href":"https:\/\/247stiri.ro\/index.php\/wp-json\/wp\/v2\/types\/post"}],"replies":[{"embeddable":true,"href":"https:\/\/247stiri.ro\/index.php\/wp-json\/wp\/v2\/comments?post=7685"}],"version-history":[{"count":0,"href":"https:\/\/247stiri.ro\/index.php\/wp-json\/wp\/v2\/posts\/7685\/revisions"}],"wp:featuredmedia":[{"embeddable":true,"href":"https:\/\/247stiri.ro\/index.php\/wp-json\/wp\/v2\/media\/7682"}],"wp:attachment":[{"href":"https:\/\/247stiri.ro\/index.php\/wp-json\/wp\/v2\/media?parent=7685"}],"wp:term":[{"taxonomy":"category","embeddable":true,"href":"https:\/\/247stiri.ro\/index.php\/wp-json\/wp\/v2\/categories?post=7685"},{"taxonomy":"post_tag","embeddable":true,"href":"https:\/\/247stiri.ro\/index.php\/wp-json\/wp\/v2\/tags?post=7685"}],"curies":[{"name":"wp","href":"https:\/\/api.w.org\/{rel}","templated":true}]}}