{"id":7688,"date":"2024-11-15T16:46:18","date_gmt":"2024-11-15T16:46:18","guid":{"rendered":"https:\/\/247stiri.ro\/index.php\/2024\/11\/15\/rares-bogdan-ciolacu-are-informatii-despre-simion-dar-le-va-detona-dupa-ce-il-trage-in-turul-2\/"},"modified":"2024-11-15T16:46:18","modified_gmt":"2024-11-15T16:46:18","slug":"rares-bogdan-ciolacu-are-informatii-despre-simion-dar-le-va-detona-dupa-ce-il-trage-in-turul-2","status":"publish","type":"post","link":"https:\/\/247stiri.ro\/index.php\/2024\/11\/15\/rares-bogdan-ciolacu-are-informatii-despre-simion-dar-le-va-detona-dupa-ce-il-trage-in-turul-2\/","title":{"rendered":"Rare\u0219 Bogdan: \u201eCiolacu are informa\u021bii despre Simion, dar le va detona dup\u0103 ce \u00eel trage \u00een turul 2!\u201d"},"content":{"rendered":"<p>Am v\u0103zut \u0219i ei interviul lui Igor Grosu, pre\u0219edintele parlamentului din Republica Moldova \u0219i el a spus clar de ce George Simion este interzis la Chi\u0219in\u0103u \u0219i de ce sunt suspiciuni rezonabile de leg\u0103turi cu re\u021beaua de agen\u021bi ru\u0219i de pe teritoriul Moldovei. Le fel, vedem \u0219i pozi\u021bia Ucrainei pe acest subiect. Ciudat este c\u0103 serviciile secrete din Rom\u00e2nia nu vin cu l\u0103muriri \u00een acest caz, mai ales c\u0103 George Simion este \u00een top 3 candida\u021bi la alegerile preziden\u021biale.<\/p>\n<p><a href=\"https:\/\/www.realitatea.net\/stiri\/actual\/marcel-ciolacu-sare-in-apararea-contracandidatului-geroge-simion-nu-e-agent-rus_67360679c8a3d836be10fc8a\" target=\"_blank\">Marcel Ciolacu sare \u00een ap\u0103rarea contracandidatului Geroge Simion: \u201eNu e agent rus!\u201d<\/a><\/p>\n<p>De asemenea, vedem pozi\u021bia absolut \u0219ocant\u0103 a lui <a href=\"https:\/\/www.realitatea.net\/stiri\/actual\/marcel-ciolacu-sare-in-apararea-contracandidatului-geroge-simion-nu-e-agent-rus_67360679c8a3d836be10fc8a\" target=\"_blank\">Marcel Ciolacu<\/a>, care a ie\u0219it cu pieptul \u00een fa\u021b\u0103 \u0219i l-a ap\u0103rat pe George Simion.<\/p>\n<p>Cred c\u0103 nu \u0219i-a ap\u0103rat nici m\u0103car fiul sau un coleg de partid \u00een a\u0219a hal. Cred c\u0103 de\u021bine informa\u021bii, dar \u00eel trage pe Simion \u00een turul 2, iar atunci detoneaz\u0103 tot ce \u0219tie despre Simion, pentru ca el s\u0103 c\u00e2\u0219tige. Nu reu\u0219im s\u0103 prezent\u0103m public faptul c\u0103 George Simion are o politic\u0103 pro ruseasc\u0103 \u0219i este unul dintre oamenii prin care Moscova vrea s\u0103 arunce \u00een aer tot flancul estic al NATO, pentru c\u0103 Rom\u00e2nia are 650 de kilometri de grani\u021b\u0103 cu Ucraina. M\u0103 \u00eentreb dac\u0103 premierul de la Londra ar avea interdic\u021bie \u00een alte \u021b\u0103ri, ar mai fi pe liste pentru candidatur\u0103? Dac\u0103 Simion c\u00e2\u0219tig\u0103 o func\u021bie important\u0103 \u00een statul rom\u00e2n, nu poate s\u0103 aib\u0103 \u00eent\u00e2lniri cu cet\u0103\u021benii din Republica Moldova sau cu rom\u00e2nii din Ucraina.<\/p>\n<p><a href=\"https:\/\/www.realitatea.net\/stiri\/actual\/deplasarile-lui-marcel-ciolacucompania-pe-coasta-de-azur-au-intrat-in-vizorul-lui-florin-roman-am-solicitat-in-mod-oficial-sa-mi-se-comunice-toate-informatiile_67373743ab3bbf54743f4d6e\" target=\"_blank\">Deplas\u0103rile lui Marcel Ciolacu &amp; compania pe Coasta de Azur, \u00een vizorul PNL. Nicolae Ciuc\u0103: Face\u021bi un mic efort s\u0103 g\u0103si\u021bi biletul de avion<\/a><\/p>\n<p>PSD nu s-a schimbat, ci \u00eencearc\u0103 s\u0103 \u00ee\u0219i vopseasc\u0103 fa\u021ba, dar ajung tot la personaje de genul Viorel Hrebenciuc, la acelea\u0219i metode, aceea\u0219i retoric\u0103 de ur\u0103 fa\u021b\u0103 de diaspora. Marcel Ciolacu a spus c\u0103 cei din diaspora nu au o meserie \u0219i c\u0103 de aceea pleac\u0103 din \u021bar\u0103. \u0218i acum, la PSD, patriarhul e tot Ion Iliescu, Adrian N\u0103stase e tot acolo, Victor Ponta reintr\u0103 \u00een PSD \u0219i vrea s\u0103 aib\u0103 func\u021bii importante, cu o retoric\u0103 dur\u0103 \u00eempotriva lui Ciuc\u0103. P\u0103pu\u0219arii r\u0103m\u00e2n aceea\u0219i. Mai r\u0103m\u00e2ne s\u0103 \u00eel cheme pe Octav Cozm\u00eenc\u0103 din mor\u021bi \u0219i pe \u201eMiki \u0218paga\u201d. Adrian N\u0103stase ne d\u0103 lec\u021bii despre cum se face politic\u0103. Eventual, s\u0103 \u00eel aduc\u0103 \u0219i pe Liviu Dragnea, ca s\u0103 \u00eei \u00eenve\u021be cum s\u0103 fac\u0103 mitinguri \u0219i s\u0103 reprime altele libere\u201d, a declarat Rare\u0219 Bogdan la Realitatea Plus.<\/p>\n<p>\u00a0<\/p>","protected":false},"excerpt":{"rendered":"<p>Am v\u0103zut \u0219i ei interviul lui Igor Grosu, pre\u0219edintele parlamentului din Republica Moldova \u0219i el&hellip;<\/p>\n","protected":false},"author":0,"featured_media":7684,"comment_status":"open","ping_status":"open","sticky":false,"template":"","format":"standard","meta":{"footnotes":""},"categories":[2],"tags":[],"class_list":["post-7688","post","type-post","status-publish","format-standard","has-post-thumbnail","hentry","category-actual"],"_links":{"self":[{"href":"https:\/\/247stiri.ro\/index.php\/wp-json\/wp\/v2\/posts\/7688","targetHints":{"allow":["GET"]}}],"collection":[{"href":"https:\/\/247stiri.ro\/index.php\/wp-json\/wp\/v2\/posts"}],"about":[{"href":"https:\/\/247stiri.ro\/index.php\/wp-json\/wp\/v2\/types\/post"}],"replies":[{"embeddable":true,"href":"https:\/\/247stiri.ro\/index.php\/wp-json\/wp\/v2\/comments?post=7688"}],"version-history":[{"count":0,"href":"https:\/\/247stiri.ro\/index.php\/wp-json\/wp\/v2\/posts\/7688\/revisions"}],"wp:featuredmedia":[{"embeddable":true,"href":"https:\/\/247stiri.ro\/index.php\/wp-json\/wp\/v2\/media\/7684"}],"wp:attachment":[{"href":"https:\/\/247stiri.ro\/index.php\/wp-json\/wp\/v2\/media?parent=7688"}],"wp:term":[{"taxonomy":"category","embeddable":true,"href":"https:\/\/247stiri.ro\/index.php\/wp-json\/wp\/v2\/categories?post=7688"},{"taxonomy":"post_tag","embeddable":true,"href":"https:\/\/247stiri.ro\/index.php\/wp-json\/wp\/v2\/tags?post=7688"}],"curies":[{"name":"wp","href":"https:\/\/api.w.org\/{rel}","templated":true}]}}