{"id":7689,"date":"2024-11-15T16:46:18","date_gmt":"2024-11-15T16:46:18","guid":{"rendered":"https:\/\/247stiri.ro\/index.php\/2024\/11\/15\/revolta-tinerilor-care-lucreaza-in-diaspora-dupa-ce-marcel-ciolacu-a-spus-ca-nu-au-o-meserie\/"},"modified":"2024-11-15T16:46:18","modified_gmt":"2024-11-15T16:46:18","slug":"revolta-tinerilor-care-lucreaza-in-diaspora-dupa-ce-marcel-ciolacu-a-spus-ca-nu-au-o-meserie","status":"publish","type":"post","link":"https:\/\/247stiri.ro\/index.php\/2024\/11\/15\/revolta-tinerilor-care-lucreaza-in-diaspora-dupa-ce-marcel-ciolacu-a-spus-ca-nu-au-o-meserie\/","title":{"rendered":"REVOLTA tinerilor care lucreaz\u0103 \u00een Diaspora, dup\u0103 ce Marcel Ciolacu a spus c\u0103 nu au o meserie"},"content":{"rendered":"<p>\u201eDomnule prim-ministru, nu \u0219tiu dumneavoastr\u0103 ce f\u0103cea\u021bi la v\u00e2rsta de 19 ani, dar eu la v\u00e2rsta aia a\u0219teptam s\u0103-mi vin\u0103 rezultatele la BAC \u00een Anglia. Am luat nota 9 la examenul de BAC \u0219i m-am c\u0103rat. Oare de ce? Nu \u0219tim noi de ce. De pro\u0219ti ce suntem.<\/p>\n<p>Fac parte din genera\u021bia aia care \u0219i-au v\u0103zut p\u0103rin\u021bii plec\u00e2nd de la v\u00e2rsta de 5 ani \u0219i apoi, 15 ani mai t\u00e2rziu, p\u0103rin\u021bii mei m-au v\u0103zut pe mine plec\u00e2nd. Unul dintre noi ne-a distrus efectiv copil\u0103ria. Noi, \u0103\u0219tia, pleca\u021bi \u00een str\u0103in\u0103tate, v\u0103 asigur c\u0103 st\u0103p\u00e2nim minim o limba str\u0103in\u0103 peste limba matern\u0103 mai bine dec\u00e2t dumneavoastr\u0103 st\u0103p\u00e2ni\u021bi rom\u00e2na.<\/p>\n<p>Pe mine str\u0103in\u0103tatea m-a \u00eenv\u0103\u021bat s\u0103 respect oamenii, nu conteaz\u0103 meseria pe care o au sau nu o au, nu conteaz\u0103 culoarea, nu conteaz\u0103 etnie, lucruri pe care dumneavoastr\u0103 nu le-a\u021bi \u00eenv\u0103\u021bat nici m\u0103car p\u00e2n\u0103 la v\u00e2rsta asta de dinozaur\u201d, a spus o r\u00e2n\u00e2nc\u0103 plecat\u0103 \u00een afara \u021b\u0103rii.<\/p>\n<p>Declara\u021bia jignitoare a lui Marcel Ciolacu: <\/p>\n<p>\u201eTinerii no\u0219tri, copiii no\u0219tri, nepo\u021bii no\u0219tri pleac\u0103 din Rom\u00e2nia pentru c\u0103 nu st\u0103p\u00e2nesc o meserie foarte bine. Constat\u0103 c\u0103 ajung \u00eentr-o \u021bar\u0103 str\u0103in\u0103 unde trebuie s\u0103 munceasc\u0103 mai mult dec\u00e2t ceilal\u021bi, pentru c\u0103 ei nu \u0219tiu o meserie\u201d, a spus Ciolacu. <\/p>","protected":false},"excerpt":{"rendered":"<p>\u201eDomnule prim-ministru, nu \u0219tiu dumneavoastr\u0103 ce f\u0103cea\u021bi la v\u00e2rsta de 19 ani, dar eu la&hellip;<\/p>\n","protected":false},"author":0,"featured_media":7690,"comment_status":"open","ping_status":"open","sticky":false,"template":"","format":"standard","meta":{"footnotes":""},"categories":[2],"tags":[],"class_list":["post-7689","post","type-post","status-publish","format-standard","has-post-thumbnail","hentry","category-actual"],"_links":{"self":[{"href":"https:\/\/247stiri.ro\/index.php\/wp-json\/wp\/v2\/posts\/7689","targetHints":{"allow":["GET"]}}],"collection":[{"href":"https:\/\/247stiri.ro\/index.php\/wp-json\/wp\/v2\/posts"}],"about":[{"href":"https:\/\/247stiri.ro\/index.php\/wp-json\/wp\/v2\/types\/post"}],"replies":[{"embeddable":true,"href":"https:\/\/247stiri.ro\/index.php\/wp-json\/wp\/v2\/comments?post=7689"}],"version-history":[{"count":0,"href":"https:\/\/247stiri.ro\/index.php\/wp-json\/wp\/v2\/posts\/7689\/revisions"}],"wp:featuredmedia":[{"embeddable":true,"href":"https:\/\/247stiri.ro\/index.php\/wp-json\/wp\/v2\/media\/7690"}],"wp:attachment":[{"href":"https:\/\/247stiri.ro\/index.php\/wp-json\/wp\/v2\/media?parent=7689"}],"wp:term":[{"taxonomy":"category","embeddable":true,"href":"https:\/\/247stiri.ro\/index.php\/wp-json\/wp\/v2\/categories?post=7689"},{"taxonomy":"post_tag","embeddable":true,"href":"https:\/\/247stiri.ro\/index.php\/wp-json\/wp\/v2\/tags?post=7689"}],"curies":[{"name":"wp","href":"https:\/\/api.w.org\/{rel}","templated":true}]}}