{"id":7702,"date":"2024-11-15T17:44:48","date_gmt":"2024-11-15T17:44:48","guid":{"rendered":"https:\/\/247stiri.ro\/index.php\/2024\/11\/15\/sfarsit-tragic-pentru-baiat-de-13-ani-a-murit-dupa-ce-scuterul-pe-care-se-afla-a-fost-izbit-in-plin-de-un-tractor\/"},"modified":"2024-11-15T17:44:48","modified_gmt":"2024-11-15T17:44:48","slug":"sfarsit-tragic-pentru-baiat-de-13-ani-a-murit-dupa-ce-scuterul-pe-care-se-afla-a-fost-izbit-in-plin-de-un-tractor","status":"publish","type":"post","link":"https:\/\/247stiri.ro\/index.php\/2024\/11\/15\/sfarsit-tragic-pentru-baiat-de-13-ani-a-murit-dupa-ce-scuterul-pe-care-se-afla-a-fost-izbit-in-plin-de-un-tractor\/","title":{"rendered":"Sf\u00e2r\u0219it tragic pentru b\u0103iat de 13 ani. A murit dup\u0103 ce scuterul pe care se afla a fost izbit \u00een plin de un tractor"},"content":{"rendered":"<p>Un al doilea adolescent aflat pe moped, \u00een v\u00e2rst\u0103 de 15 ani, fiind r\u0103nit, au anun\u0163at reprezentan\u0163ii Inspectoratului pentru Situa\u0163ii de Urgen\u0163\u0103 (ISU) Suceava.<\/p>\n<p>Potrivit sursei citate, al doilea copil, \u00een v\u00e2rst\u0103 de 15 ani, a fost r\u0103nit \u015fi transportat la Spitalul Jude\u0163ean de Urgen\u0163\u0103 Suceava.<\/p>\n<p>&#8222;Au intervenit pompierii militari ai Deta\u015famentului Suceava cu o autospecial\u0103 pentru descarcerare \u015fi dou\u0103 ambulan\u0163e SMURD (B2 \u015fi TIM). Pe moped se aflau dou\u0103 persoane, una dintre acestea este \u00een stare de incon\u015ftien\u0163\u0103 \u015fi se aplic\u0103 manevrele de resuscitare. Cea de a doua persoan\u0103 este con\u015ftient\u0103 \u015fi i se acorda primul ajutor de c\u0103tre echipajul SMURD B2. Persoana preluat\u0103 de echipajul SMURD B2 este transportat\u0103 la spital pentru investiga\u0163ii suplimentare \u015fi tratament de specialitate (&#8230;) Din nefericire, pentru t\u00e2n\u0103rul \u00een v\u00e2rst\u0103 de 13 ani, medicul de pe ambulan\u0163a SMURD TIM (Terapie Intensiv\u0103 Mobil\u0103) a declarat decesul&#8221;, au precizat oficialii ISU Suceava.Conduc\u0103torul utilajului agricol nu a necesitat \u00eengrijiri medicale.<\/p>","protected":false},"excerpt":{"rendered":"<p>Un al doilea adolescent aflat pe moped, \u00een v\u00e2rst\u0103 de 15 ani, fiind r\u0103nit, au&hellip;<\/p>\n","protected":false},"author":0,"featured_media":7703,"comment_status":"open","ping_status":"open","sticky":false,"template":"","format":"standard","meta":{"footnotes":""},"categories":[2],"tags":[],"class_list":["post-7702","post","type-post","status-publish","format-standard","has-post-thumbnail","hentry","category-actual"],"_links":{"self":[{"href":"https:\/\/247stiri.ro\/index.php\/wp-json\/wp\/v2\/posts\/7702","targetHints":{"allow":["GET"]}}],"collection":[{"href":"https:\/\/247stiri.ro\/index.php\/wp-json\/wp\/v2\/posts"}],"about":[{"href":"https:\/\/247stiri.ro\/index.php\/wp-json\/wp\/v2\/types\/post"}],"replies":[{"embeddable":true,"href":"https:\/\/247stiri.ro\/index.php\/wp-json\/wp\/v2\/comments?post=7702"}],"version-history":[{"count":0,"href":"https:\/\/247stiri.ro\/index.php\/wp-json\/wp\/v2\/posts\/7702\/revisions"}],"wp:featuredmedia":[{"embeddable":true,"href":"https:\/\/247stiri.ro\/index.php\/wp-json\/wp\/v2\/media\/7703"}],"wp:attachment":[{"href":"https:\/\/247stiri.ro\/index.php\/wp-json\/wp\/v2\/media?parent=7702"}],"wp:term":[{"taxonomy":"category","embeddable":true,"href":"https:\/\/247stiri.ro\/index.php\/wp-json\/wp\/v2\/categories?post=7702"},{"taxonomy":"post_tag","embeddable":true,"href":"https:\/\/247stiri.ro\/index.php\/wp-json\/wp\/v2\/tags?post=7702"}],"curies":[{"name":"wp","href":"https:\/\/api.w.org\/{rel}","templated":true}]}}