{"id":7716,"date":"2024-11-15T18:44:49","date_gmt":"2024-11-15T18:44:49","guid":{"rendered":"https:\/\/247stiri.ro\/index.php\/2024\/11\/15\/de-ce-a-fost-interzis-george-simion-in-ucraina-document\/"},"modified":"2024-11-15T18:44:49","modified_gmt":"2024-11-15T18:44:49","slug":"de-ce-a-fost-interzis-george-simion-in-ucraina-document","status":"publish","type":"post","link":"https:\/\/247stiri.ro\/index.php\/2024\/11\/15\/de-ce-a-fost-interzis-george-simion-in-ucraina-document\/","title":{"rendered":"De ce a fost interzis George Simion \u00een Ucraina &#8211; DOCUMENT"},"content":{"rendered":"<p>\u201eAv\u00e2nd \u00een vedere interesul opiniei publice din Rom\u00e2nia cu privire la coresponden\u021ba dintre Guvernul Rom\u00e2niei \u0219i autorit\u0103\u021bile ucrainene \u00een ceea ce prive\u0219te \u00a0motivele pentru care domnul George Simion are interdic\u021bie s\u0103 intre pe teritoriul Ucrainei, prim-ministrul Marcel Ciolacu a cerut \u0219i a primit, prin intermediul institu\u021biilor abilitate ale statului rom\u00e2n, acordul autorit\u0103\u021bilor ucrainene de a pune la dispozi\u021bia publicului r\u0103spunsul primit \u0219i de a face publice informa\u021bii despre acest subiect.R\u0103spunsul autorit\u0103\u021bilor ucrainene \u0219i informa\u021bii despre acest subiect sunt disponibile \u00een documentul ata\u0219at\u201d, a transmis Guvernul.<\/p>\n<p>\u201e\u00cen conformitate cu ordinul Primului Ministru al Ucrainei Denis \u0218mihal, ca r\u0103spuns la scrisoarea Primului Ministru al Rom\u00e2niei, domnul Marcel Ciolacu,\u00a0 dorim s\u0103 v\u0103 inform\u0103m c\u0103 Serviciul de Securitate al Ucrainei a decis s\u0103 aplice o m\u0103sur\u0103 administrativ\u0103 restrictiv\u0103 sub forma unei interdic\u021bii de c\u0103l\u0103torie \u00een Ucraina \u00eempotriva deputatului \u00een Parlamentul Rom\u00e2niei Simion George.<\/p>\n<p>Decizia a fost luat\u0103 pe baza informa\u021biilor disponibile cu privire la activit\u0103\u021bile activit\u0103\u021bi antiucrainene sistematice ale acestui politician, care contravin intereselor na\u021bionale ale Ucrainei \u0219i \u00eencalc\u0103 suveranitatea de stat \u0219i integritatea teritorial\u0103 a acesteia.<\/p>\n<p>Declara\u021biile lui Simion George au drept scop discreditarea Ucrainei pe arena interna\u021bional\u0103 \u0219i promovarea ideologiei unioniste care neag\u0103 legitimitatea frontierei de stat a Ucrainei. \u00cen plus, el r\u0103sp\u00e2nde\u0219te nara\u021biuni despre presupuse \u00eenc\u0103lc\u0103ri ale drepturilor minorit\u0103\u021bii rom\u00e2ne\u0219ti din \u021bara noastr\u0103\u201d, se arat\u0103 \u00een acest r\u0103spuns.<\/p>\n<p>\u00a0<\/p>","protected":false},"excerpt":{"rendered":"<p>\u201eAv\u00e2nd \u00een vedere interesul opiniei publice din Rom\u00e2nia cu privire la coresponden\u021ba dintre Guvernul Rom\u00e2niei&hellip;<\/p>\n","protected":false},"author":0,"featured_media":7711,"comment_status":"open","ping_status":"open","sticky":false,"template":"","format":"standard","meta":{"footnotes":""},"categories":[2],"tags":[],"class_list":["post-7716","post","type-post","status-publish","format-standard","has-post-thumbnail","hentry","category-actual"],"_links":{"self":[{"href":"https:\/\/247stiri.ro\/index.php\/wp-json\/wp\/v2\/posts\/7716","targetHints":{"allow":["GET"]}}],"collection":[{"href":"https:\/\/247stiri.ro\/index.php\/wp-json\/wp\/v2\/posts"}],"about":[{"href":"https:\/\/247stiri.ro\/index.php\/wp-json\/wp\/v2\/types\/post"}],"replies":[{"embeddable":true,"href":"https:\/\/247stiri.ro\/index.php\/wp-json\/wp\/v2\/comments?post=7716"}],"version-history":[{"count":0,"href":"https:\/\/247stiri.ro\/index.php\/wp-json\/wp\/v2\/posts\/7716\/revisions"}],"wp:featuredmedia":[{"embeddable":true,"href":"https:\/\/247stiri.ro\/index.php\/wp-json\/wp\/v2\/media\/7711"}],"wp:attachment":[{"href":"https:\/\/247stiri.ro\/index.php\/wp-json\/wp\/v2\/media?parent=7716"}],"wp:term":[{"taxonomy":"category","embeddable":true,"href":"https:\/\/247stiri.ro\/index.php\/wp-json\/wp\/v2\/categories?post=7716"},{"taxonomy":"post_tag","embeddable":true,"href":"https:\/\/247stiri.ro\/index.php\/wp-json\/wp\/v2\/tags?post=7716"}],"curies":[{"name":"wp","href":"https:\/\/api.w.org\/{rel}","templated":true}]}}