{"id":7718,"date":"2024-11-15T18:44:49","date_gmt":"2024-11-15T18:44:49","guid":{"rendered":"https:\/\/247stiri.ro\/index.php\/2024\/11\/15\/ciolacu-nu-plec-din-functia-de-prim-ministru-pana-nu-intram-in-schengen\/"},"modified":"2024-11-15T18:44:49","modified_gmt":"2024-11-15T18:44:49","slug":"ciolacu-nu-plec-din-functia-de-prim-ministru-pana-nu-intram-in-schengen","status":"publish","type":"post","link":"https:\/\/247stiri.ro\/index.php\/2024\/11\/15\/ciolacu-nu-plec-din-functia-de-prim-ministru-pana-nu-intram-in-schengen\/","title":{"rendered":"Ciolacu: \u201eNu plec din func\u021bia de prim-ministru p\u00e2n\u0103 nu intr\u0103m \u00een Schengen\u201d"},"content":{"rendered":"<p>Premierul Marcel Ciolacu a fost \u00eentrebat despre reuniunea de s\u0103pt\u0103m\u00e2na viitoare de la Budapesta, \u015fi dac\u0103 Austria ar urma s\u0103-\u015fi ridice veto-ul privind aderarea la Schengen.<\/p>\n<p>\u201dDa, spun lucrul acesta de 6 luni. Urmeaz\u0103 \u00een perioada urm\u0103toare s\u0103 am discu\u0163ii aplicate \u015fi la Bruxelles, \u015fi \u00een Austria, \u015fi \u00een Ungaria. Mai mult ca sigur, anul acesta Rom\u00e2nia va intra \u00een Schengen terestru. Nu plec din prim-ministru p\u00e2n\u0103 nu intr\u0103m \u00een Schengen. \u015ei voi fi nevoit s\u0103 plec, a\u015fa c\u0103 trebuie s\u0103 rezolv problema\u201d, a spus \u015feful Executivului.<\/p>","protected":false},"excerpt":{"rendered":"<p>Premierul Marcel Ciolacu a fost \u00eentrebat despre reuniunea de s\u0103pt\u0103m\u00e2na viitoare de la Budapesta, \u015fi&hellip;<\/p>\n","protected":false},"author":0,"featured_media":7713,"comment_status":"open","ping_status":"open","sticky":false,"template":"","format":"standard","meta":{"footnotes":""},"categories":[2],"tags":[],"class_list":["post-7718","post","type-post","status-publish","format-standard","has-post-thumbnail","hentry","category-actual"],"_links":{"self":[{"href":"https:\/\/247stiri.ro\/index.php\/wp-json\/wp\/v2\/posts\/7718","targetHints":{"allow":["GET"]}}],"collection":[{"href":"https:\/\/247stiri.ro\/index.php\/wp-json\/wp\/v2\/posts"}],"about":[{"href":"https:\/\/247stiri.ro\/index.php\/wp-json\/wp\/v2\/types\/post"}],"replies":[{"embeddable":true,"href":"https:\/\/247stiri.ro\/index.php\/wp-json\/wp\/v2\/comments?post=7718"}],"version-history":[{"count":0,"href":"https:\/\/247stiri.ro\/index.php\/wp-json\/wp\/v2\/posts\/7718\/revisions"}],"wp:featuredmedia":[{"embeddable":true,"href":"https:\/\/247stiri.ro\/index.php\/wp-json\/wp\/v2\/media\/7713"}],"wp:attachment":[{"href":"https:\/\/247stiri.ro\/index.php\/wp-json\/wp\/v2\/media?parent=7718"}],"wp:term":[{"taxonomy":"category","embeddable":true,"href":"https:\/\/247stiri.ro\/index.php\/wp-json\/wp\/v2\/categories?post=7718"},{"taxonomy":"post_tag","embeddable":true,"href":"https:\/\/247stiri.ro\/index.php\/wp-json\/wp\/v2\/tags?post=7718"}],"curies":[{"name":"wp","href":"https:\/\/api.w.org\/{rel}","templated":true}]}}