{"id":7738,"date":"2024-11-15T19:44:48","date_gmt":"2024-11-15T19:44:48","guid":{"rendered":"https:\/\/247stiri.ro\/index.php\/2024\/11\/15\/reactia-lui-george-simion-la-documentul-emis-de-ucraina-ceea-ce-trebuia-sa-fie-lebada-neagra-e-o-curca-beata\/"},"modified":"2024-11-15T19:44:48","modified_gmt":"2024-11-15T19:44:48","slug":"reactia-lui-george-simion-la-documentul-emis-de-ucraina-ceea-ce-trebuia-sa-fie-lebada-neagra-e-o-curca-beata","status":"publish","type":"post","link":"https:\/\/247stiri.ro\/index.php\/2024\/11\/15\/reactia-lui-george-simion-la-documentul-emis-de-ucraina-ceea-ce-trebuia-sa-fie-lebada-neagra-e-o-curca-beata\/","title":{"rendered":"REAC\u021aIA lui George Simion la documentul emis de Ucraina: \u201eCeea ce trebuia s\u0103 fie Leb\u0103da neagr\u0103 e o curc\u0103 beat\u0103\u201d"},"content":{"rendered":"<p>\u201dReprezentan\u0163ii acestui sistem dinamiteaz\u0103 institu\u0163ii de for\u0163\u0103 ale statului rom\u00e2n doar pentru a relansa o fumigen\u0103 deja r\u0103suflat\u0103, care m-ar inculpa pe mine de leg\u0103turi cu Rusia, du\u015fmanul de la R\u0103s\u0103rit ce ne-a sf\u00e2rtecat \u015fi c\u0103lcat \u00een picioare trupul \u0162\u0103rii de at\u00e2tea ori! Ceea ce trebuia s\u0103 fie o \u201eleb\u0103d\u0103 neagr\u0103\u201d a acestor alegeri se pare c\u0103 este doar o curc\u0103 beat\u0103\u201d, a transmis, vineris ear\u0103, George Simion.<\/p>\n<p>\u201dEi, de fapt, fac jocurile Rusiei lovind \u00eentr-un simbol al Mi\u015fc\u0103rii Unioniste, a c\u0103rei lider am fost \u00een cadrul organiza\u0163iilor civice \u015fi de 4 ani prin Alian\u0163a pentru Unirea Rom\u00e2nilor! AUR a fost creat \u015fi pentru acest deziderat sf\u00e2nt al rom\u00e2nilor \u2013 Unirea cu Basarabia! O Basarabie ce ne-o dorim European\u0103 (a se vedea \u015fi sigla AUR) \u015fi \u0163inut\u0103 c\u00e2t mai departe de bocancul rusesc\u201d, consider\u0103 liderul AUR.<\/p>\n<p>\u201eCondamn pe Marcel Ciolacu \u015fi pe reprezentantul PNL din cadrul Comisiei SRI de uzurparea, \u00een plin proces electoral, credibilit\u0103\u0163ii institu\u0163iilor ce ar trebui s\u0103 asigure siguran\u0163a na\u0163ional\u0103 \u015fi intregritatea alegerilor de anul acesta, prin faptul c\u0103 au lansat iresponsabil, f\u0103r\u0103 a exista vreo prob\u0103, acuza\u0163ii foarte grave la adresa unui contracandidat, fac\u00e2ndu-se portavoci ale unor persoane din alte dou\u0103 state, ce au interes s\u0103 deturneze rezultatul alegerilor din Rom\u00e2nia\u201d, a mai transmis Simion.<\/p>\n<p>\u201dDac\u0103 mai este stat de drept \u00een Rom\u00e2nia, acum este momentul s\u0103 ac\u0163ioneze! Am &#8216;vina&#8217; de a fi loial doar intereselor statului rom\u00e2n, aici \u015fi peste hotare, acolo unde vie\u0163uiesc fra\u0163ii no\u015ftri, \u00een teritoriile ce au apar\u0163inut dintodeauna Rom\u00e2niei!<\/p>\n<p>Cum s\u0103 convin\u0103 acest lucru conduc\u0103torilor din Rep. Moldova \u015fi Ucraina? Pentru ei sunt \u015fi voi fi mereu un pericol, c\u0103ci nu voi renun\u0163a s\u0103 m\u0103 bat pentru recuperarea Basarabiei \u015fi pentru drepturi egale oferite comunit\u0103\u0163ilor de rom\u00e2ni dinafara grani\u0163elor, a\u015fa cum statul rom\u00e2n ofer\u0103 tuturor minorit\u0103\u0163ilor de la noi\u201d, afirm\u0103 Simion.<\/p>\n<p>\u201dNu cerem teritorii, nu suntem iredenti\u015fti, a\u015fa cum e cazul UDMR, tolerat prea mult de autorit\u0103\u0163ile rom\u00e2ne, dar nu mai accept\u0103m s\u0103 fim trata\u0163i ca cet\u0103\u0163eni de m\u00e2na a doua, nici \u00een cadrul UE, nici \u00een cadrul comunit\u0103\u0163ilor de rom\u00e2ni din alte state. Acest lucru deranjeaz\u0103 \u015fi pare neobi\u015fnuit pentru politica rom\u00e2neasc\u0103, care a avut doar slugi \u015fi la\u015fi \u00een fruntea ei. Dar \u00een alte state acest lucru e firesc \u015fi nu e nimeni acuzat de extremism pentru c\u0103-\u015fi pune propriul popor pe primul loc\u201d, a ad\u0103ugat liderul AUR.<\/p>\n<p><a href=\"https:\/\/www.realitatea.net\/stiri\/actual\/de-ce-a-fost-interzis-george-simion-in-ucraina-document_6737964260f2397bc9511013\" target=\"_blank\">De ce a fost interzis George Simion \u00een Ucraina? Guvernul a publicat r\u0103spunsul autorit\u0103\u021bilor de la Kiev &#8211; DOCUMENT<\/a><\/p>\n<p>\u00a0<\/p>","protected":false},"excerpt":{"rendered":"<p>\u201dReprezentan\u0163ii acestui sistem dinamiteaz\u0103 institu\u0163ii de for\u0163\u0103 ale statului rom\u00e2n doar pentru a relansa o&hellip;<\/p>\n","protected":false},"author":0,"featured_media":7732,"comment_status":"open","ping_status":"open","sticky":false,"template":"","format":"standard","meta":{"footnotes":""},"categories":[2],"tags":[],"class_list":["post-7738","post","type-post","status-publish","format-standard","has-post-thumbnail","hentry","category-actual"],"_links":{"self":[{"href":"https:\/\/247stiri.ro\/index.php\/wp-json\/wp\/v2\/posts\/7738","targetHints":{"allow":["GET"]}}],"collection":[{"href":"https:\/\/247stiri.ro\/index.php\/wp-json\/wp\/v2\/posts"}],"about":[{"href":"https:\/\/247stiri.ro\/index.php\/wp-json\/wp\/v2\/types\/post"}],"replies":[{"embeddable":true,"href":"https:\/\/247stiri.ro\/index.php\/wp-json\/wp\/v2\/comments?post=7738"}],"version-history":[{"count":0,"href":"https:\/\/247stiri.ro\/index.php\/wp-json\/wp\/v2\/posts\/7738\/revisions"}],"wp:featuredmedia":[{"embeddable":true,"href":"https:\/\/247stiri.ro\/index.php\/wp-json\/wp\/v2\/media\/7732"}],"wp:attachment":[{"href":"https:\/\/247stiri.ro\/index.php\/wp-json\/wp\/v2\/media?parent=7738"}],"wp:term":[{"taxonomy":"category","embeddable":true,"href":"https:\/\/247stiri.ro\/index.php\/wp-json\/wp\/v2\/categories?post=7738"},{"taxonomy":"post_tag","embeddable":true,"href":"https:\/\/247stiri.ro\/index.php\/wp-json\/wp\/v2\/tags?post=7738"}],"curies":[{"name":"wp","href":"https:\/\/api.w.org\/{rel}","templated":true}]}}