{"id":7751,"date":"2024-11-15T20:44:47","date_gmt":"2024-11-15T20:44:47","guid":{"rendered":"https:\/\/247stiri.ro\/index.php\/2024\/11\/15\/un-barbat-si-a-pierdut-viata-dupa-ce-camioneta-pe-care-o-conducea-a-fost-spulberata-de-tren\/"},"modified":"2024-11-15T20:44:47","modified_gmt":"2024-11-15T20:44:47","slug":"un-barbat-si-a-pierdut-viata-dupa-ce-camioneta-pe-care-o-conducea-a-fost-spulberata-de-tren","status":"publish","type":"post","link":"https:\/\/247stiri.ro\/index.php\/2024\/11\/15\/un-barbat-si-a-pierdut-viata-dupa-ce-camioneta-pe-care-o-conducea-a-fost-spulberata-de-tren\/","title":{"rendered":"Un b\u0103rbat \u0219i-a pierdut via\u021ba dup\u0103 ce camioneta pe care o conducea a fost spulberat\u0103 de tren"},"content":{"rendered":"<p>Un b\u0103rbat de 50 de ani a fost r\u0103nit, vineri sear\u0103, 15 noiembrie, dup\u0103 ce autoutilitara pe care o conducea a fost lovit\u0103 de tren, \u00een jude\u021bul Ia\u0219i, la trecerea de cale ferat\u0103 \u00een localitatea Podu Iloaiei. Ulterior, el a murit la spital. Traficul rutier \u0219i cel feroviar \u00een zon\u0103 au fost blocate.<\/p>\n<p>Victima este un b\u0103rbat, \u00een v\u00e2rst\u0103 de aproximativ 50 de ani, care a fost extras de primele echipaje sosite la locul solicit\u0103rii \u0219i a fost preluat de c\u0103tre echipajul medical TIM.<\/p>\n<p>\u201dAccident feroviar produs \u00eentre trenul personal IR 11409 (Ia\u0219i &#8211; H\u00e2rl\u0103u) \u0219i o autoutilitar\u0103 la trecerea de cale ferat\u0103 \u00een localitatea Podu Iloaiei. \u00cen urma accidentului a rezultat o victim\u0103, \u0219oferul din autoutilitar\u0103 care este \u00eencarcerat \u0219i con\u0219tient\u201d, a transmis, vineri, 15 noiembrie, ISU Ia\u0219i.<\/p>\n<p>\u0218oferul autoutilitarei a murit la spital, el suferind multiple traumatisme. B\u0103rbatul a intrat \u00een stop cardiorespirator \u0219i nu a mai putut fi salvat.<\/p>\n<p>\u201dS-a declarat decesul \u0219i s-a \u00eenm\u00e2nat cererea de necropsie agentului de poli\u021bie feroviar\u201d, a declarat medicul Diana Cimpoe\u0219u, coordonator UPU-SMURD Ia\u0219i.<\/p>\n<p>Circula\u021bia rutier\u0103 este blocat\u0103 pe ambele sensuri, inclusiv circula\u021bia feroviar\u0103.<\/p>","protected":false},"excerpt":{"rendered":"<p>Un b\u0103rbat de 50 de ani a fost r\u0103nit, vineri sear\u0103, 15 noiembrie, dup\u0103 ce&hellip;<\/p>\n","protected":false},"author":0,"featured_media":7752,"comment_status":"open","ping_status":"open","sticky":false,"template":"","format":"standard","meta":{"footnotes":""},"categories":[2],"tags":[],"class_list":["post-7751","post","type-post","status-publish","format-standard","has-post-thumbnail","hentry","category-actual"],"_links":{"self":[{"href":"https:\/\/247stiri.ro\/index.php\/wp-json\/wp\/v2\/posts\/7751","targetHints":{"allow":["GET"]}}],"collection":[{"href":"https:\/\/247stiri.ro\/index.php\/wp-json\/wp\/v2\/posts"}],"about":[{"href":"https:\/\/247stiri.ro\/index.php\/wp-json\/wp\/v2\/types\/post"}],"replies":[{"embeddable":true,"href":"https:\/\/247stiri.ro\/index.php\/wp-json\/wp\/v2\/comments?post=7751"}],"version-history":[{"count":0,"href":"https:\/\/247stiri.ro\/index.php\/wp-json\/wp\/v2\/posts\/7751\/revisions"}],"wp:featuredmedia":[{"embeddable":true,"href":"https:\/\/247stiri.ro\/index.php\/wp-json\/wp\/v2\/media\/7752"}],"wp:attachment":[{"href":"https:\/\/247stiri.ro\/index.php\/wp-json\/wp\/v2\/media?parent=7751"}],"wp:term":[{"taxonomy":"category","embeddable":true,"href":"https:\/\/247stiri.ro\/index.php\/wp-json\/wp\/v2\/categories?post=7751"},{"taxonomy":"post_tag","embeddable":true,"href":"https:\/\/247stiri.ro\/index.php\/wp-json\/wp\/v2\/tags?post=7751"}],"curies":[{"name":"wp","href":"https:\/\/api.w.org\/{rel}","templated":true}]}}