{"id":7754,"date":"2024-11-15T20:44:48","date_gmt":"2024-11-15T20:44:48","guid":{"rendered":"https:\/\/247stiri.ro\/index.php\/2024\/11\/15\/autocar-in-care-se-aflau-16-persoane-si-un-autoturism-implicate-intr-un-accident-rutier-la-neamt\/"},"modified":"2024-11-15T20:44:48","modified_gmt":"2024-11-15T20:44:48","slug":"autocar-in-care-se-aflau-16-persoane-si-un-autoturism-implicate-intr-un-accident-rutier-la-neamt","status":"publish","type":"post","link":"https:\/\/247stiri.ro\/index.php\/2024\/11\/15\/autocar-in-care-se-aflau-16-persoane-si-un-autoturism-implicate-intr-un-accident-rutier-la-neamt\/","title":{"rendered":"Autocar \u00een care se aflau 16 persoane \u015fi un autoturism, implicate \u00eentr-un accident rutier, la Neam\u021b"},"content":{"rendered":"<p>\u201eLa data de 15 noiembrie a.c., \u00een jurul orei 20.25, poli\u0163i\u015ftii din cadrul Poli\u0163iei ora\u015fului Bicaz au fost sesiza\u0163i cu privire la producerea unui eveniment rutier, pe DN 15, \u00een localitatea Poiana Teiului. \u00cen urma verific\u0103rilor efectuate de poli\u0163i\u015fti, s-a stabilit faptul c\u0103, \u00een timp ce un b\u0103rbat, \u00een v\u00e2rst\u0103 de 39 de ani, din jude\u0163ul Ia\u015fi, conducea un autoturism pe DN 15, \u00een localitatea Poiana Teiului, ar fi p\u0103truns pe sensul opus de mers, intr\u00e2nd \u00een coliziune cu un autocar, condus de un b\u0103rbat, \u00een v\u00e2rst\u0103 de 35 de ani, din municipiul Bucure\u015fti\u201d, a transmis IPJ Neam\u0163.\u00a0<\/p>\n<p>\u00cen urma evenimentului rutier, a rezultat r\u0103nirea conduc\u0103torului autoturismului.<\/p>\n<p>\u00cen cauz\u0103, poli\u0163i\u015ftii continu\u0103 cercet\u0103rile sub aspectul s\u0103v\u00e2r\u015firii infrac\u0163iunii de v\u0103t\u0103mare corporal\u0103 din culp\u0103.\u00a0<\/p>\n<p>\u201e\u00cen urma evenimentului autoturismul a p\u0103r\u0103sit partea carosabil\u0103 \u015fi s-a r\u0103sturnat. Conduc\u0103torul auto a fost scos din autoturism de c\u0103tre participan\u0163ii la trafic. Acesta a fost preluat de echipajul SMURD pentru \u00eengrijiri medicale. Nicio persoan\u0103 din autocar nu a avut nevoie de \u00eengrijiri medicale\u201d, au men\u0163ionat pompierii.<\/p>","protected":false},"excerpt":{"rendered":"<p>\u201eLa data de 15 noiembrie a.c., \u00een jurul orei 20.25, poli\u0163i\u015ftii din cadrul Poli\u0163iei ora\u015fului&hellip;<\/p>\n","protected":false},"author":0,"featured_media":7755,"comment_status":"open","ping_status":"open","sticky":false,"template":"","format":"standard","meta":{"footnotes":""},"categories":[2],"tags":[],"class_list":["post-7754","post","type-post","status-publish","format-standard","has-post-thumbnail","hentry","category-actual"],"_links":{"self":[{"href":"https:\/\/247stiri.ro\/index.php\/wp-json\/wp\/v2\/posts\/7754","targetHints":{"allow":["GET"]}}],"collection":[{"href":"https:\/\/247stiri.ro\/index.php\/wp-json\/wp\/v2\/posts"}],"about":[{"href":"https:\/\/247stiri.ro\/index.php\/wp-json\/wp\/v2\/types\/post"}],"replies":[{"embeddable":true,"href":"https:\/\/247stiri.ro\/index.php\/wp-json\/wp\/v2\/comments?post=7754"}],"version-history":[{"count":0,"href":"https:\/\/247stiri.ro\/index.php\/wp-json\/wp\/v2\/posts\/7754\/revisions"}],"wp:featuredmedia":[{"embeddable":true,"href":"https:\/\/247stiri.ro\/index.php\/wp-json\/wp\/v2\/media\/7755"}],"wp:attachment":[{"href":"https:\/\/247stiri.ro\/index.php\/wp-json\/wp\/v2\/media?parent=7754"}],"wp:term":[{"taxonomy":"category","embeddable":true,"href":"https:\/\/247stiri.ro\/index.php\/wp-json\/wp\/v2\/categories?post=7754"},{"taxonomy":"post_tag","embeddable":true,"href":"https:\/\/247stiri.ro\/index.php\/wp-json\/wp\/v2\/tags?post=7754"}],"curies":[{"name":"wp","href":"https:\/\/api.w.org\/{rel}","templated":true}]}}