{"id":7786,"date":"2024-11-16T05:44:48","date_gmt":"2024-11-16T05:44:48","guid":{"rendered":"https:\/\/247stiri.ro\/index.php\/2024\/11\/16\/razboi-in-ucraina-ziua-997-zelenski-denunta-discutia-lui-scholz-cu-putin-a-deschis-cutia-pandorei\/"},"modified":"2024-11-16T05:44:48","modified_gmt":"2024-11-16T05:44:48","slug":"razboi-in-ucraina-ziua-997-zelenski-denunta-discutia-lui-scholz-cu-putin-a-deschis-cutia-pandorei","status":"publish","type":"post","link":"https:\/\/247stiri.ro\/index.php\/2024\/11\/16\/razboi-in-ucraina-ziua-997-zelenski-denunta-discutia-lui-scholz-cu-putin-a-deschis-cutia-pandorei\/","title":{"rendered":"R\u0103zboi \u00een Ucraina, ziua 997. Zelenski denun\u0163\u0103 discu\u0163ia lui Scholz cu Putin: A deschis \u201ecutia Pandorei\u201d"},"content":{"rendered":"<p>&#8222;Acum ar putea urma alte conversa\u0163ii, alte apeluri telefonice. Doar o gr\u0103mad\u0103 de cuvinte. \u015ei aceasta este exact ceea ce Putin a a\u015fteptat de mult\u0103 vreme: este extrem de important pentru el s\u0103 sl\u0103beasc\u0103 izolarea sa&#8221;, a subliniat Zelenski vineri seara pe Telegram.Zelenski a confirmat c\u0103 fusese informat dinainte de cancelarul federal german c\u0103 el se preg\u0103te\u015fte s\u0103 discute cu Vladimir Putin.&#8221;Vrem s\u0103 v\u0103 avertiz\u0103m: nu va exista &#8216;Minsk-3&#8217;. Noi avem nevoie de o pace adev\u0103rat\u0103&#8221;, a ad\u0103ugat Zelenski, cu referire la un poten\u0163ial acord ce ar permite \u00eenghe\u0163area conflictului.Acordurile Minsk-1 \u015fi Minsk-2 au fost semnate \u00een septembrie 2014 \u015fi februarie 2015 \u00eentre Kiev \u015fi separati\u015ftii proru\u015fi sus\u0163inu\u0163i de Moscova, care ocupaser\u0103 mari buc\u0103\u0163i de teritoriu \u00een estul Ucrainei.Aceste acorduri au dus la mai multe armisti\u0163ii mai mult sau mai pu\u0163in respectate pe front, \u00eens\u0103 nu au reu\u015fit s\u0103 solu\u0163ioneze conflictul \u00eentre Kiev \u015fi separati\u015ftii proru\u015fi.<\/p>\n<p>&#8222;R\u0103zboiul se va \u00eencheia, \u00eens\u0103 nu exist\u0103 o dat\u0103 exact\u0103. Desigur, cu politica acestei echipe, care va conduce acum Casa Alb\u0103, r\u0103zboiul se va \u00eencheia mai repede&#8221;, a declarat Zelenski pentru radiodifuziunea public\u0103 ucrainean\u0103 Supilne.El a subliniat din nou c\u0103 &#8222;o pace just\u0103&#8221; este vital\u0103 pentru Ucraina.<\/p>","protected":false},"excerpt":{"rendered":"<p>&#8222;Acum ar putea urma alte conversa\u0163ii, alte apeluri telefonice. Doar o gr\u0103mad\u0103 de cuvinte. \u015ei&hellip;<\/p>\n","protected":false},"author":0,"featured_media":7780,"comment_status":"open","ping_status":"open","sticky":false,"template":"","format":"standard","meta":{"footnotes":""},"categories":[2],"tags":[],"class_list":["post-7786","post","type-post","status-publish","format-standard","has-post-thumbnail","hentry","category-actual"],"_links":{"self":[{"href":"https:\/\/247stiri.ro\/index.php\/wp-json\/wp\/v2\/posts\/7786","targetHints":{"allow":["GET"]}}],"collection":[{"href":"https:\/\/247stiri.ro\/index.php\/wp-json\/wp\/v2\/posts"}],"about":[{"href":"https:\/\/247stiri.ro\/index.php\/wp-json\/wp\/v2\/types\/post"}],"replies":[{"embeddable":true,"href":"https:\/\/247stiri.ro\/index.php\/wp-json\/wp\/v2\/comments?post=7786"}],"version-history":[{"count":0,"href":"https:\/\/247stiri.ro\/index.php\/wp-json\/wp\/v2\/posts\/7786\/revisions"}],"wp:featuredmedia":[{"embeddable":true,"href":"https:\/\/247stiri.ro\/index.php\/wp-json\/wp\/v2\/media\/7780"}],"wp:attachment":[{"href":"https:\/\/247stiri.ro\/index.php\/wp-json\/wp\/v2\/media?parent=7786"}],"wp:term":[{"taxonomy":"category","embeddable":true,"href":"https:\/\/247stiri.ro\/index.php\/wp-json\/wp\/v2\/categories?post=7786"},{"taxonomy":"post_tag","embeddable":true,"href":"https:\/\/247stiri.ro\/index.php\/wp-json\/wp\/v2\/tags?post=7786"}],"curies":[{"name":"wp","href":"https:\/\/api.w.org\/{rel}","templated":true}]}}