{"id":7793,"date":"2024-11-16T06:46:00","date_gmt":"2024-11-16T06:46:00","guid":{"rendered":"https:\/\/247stiri.ro\/index.php\/2024\/11\/16\/boala-cu-simptome-grave-in-randul-copiilor-zeci-de-micuti-au-ajuns-la-doctor-in-ultima-perioada-cu-simptome-grave\/"},"modified":"2024-11-16T06:46:00","modified_gmt":"2024-11-16T06:46:00","slug":"boala-cu-simptome-grave-in-randul-copiilor-zeci-de-micuti-au-ajuns-la-doctor-in-ultima-perioada-cu-simptome-grave","status":"publish","type":"post","link":"https:\/\/247stiri.ro\/index.php\/2024\/11\/16\/boala-cu-simptome-grave-in-randul-copiilor-zeci-de-micuti-au-ajuns-la-doctor-in-ultima-perioada-cu-simptome-grave\/","title":{"rendered":"Boala cu simptome grave \u00een r\u00e2ndul copiilor. Zeci de micu\u021bi au ajuns la doctor \u00een ultima perioad\u0103 cu simptome grave"},"content":{"rendered":"<p>La Slatina tot mai mul\u021bi copii au ajuns la medic \u00een perioada asta cu simptome specifice bolii, cum ar fi febra sau lipsa poftei de m\u00e2ncare.<\/p>\n<p>\u201eSe manifest\u0103 cu un debut febril, cu o febr\u0103 destul de \u00eenalt\u0103, undeva la 39-040 cu o stare general\u0103 alterat\u0103, cu debut la nivelul cavit\u0103\u021bii bucale, iar dup\u0103 aceea apar erup\u021bii la nivelul t\u0103lpilo, la nivelul picioarelor, la nivelul coatelor, la nivelul genunchilor, de asemenea \u00een jurul cavit\u0103\u021bii bucale \u0219i la nivelul zonei fesiere. Sunt destul de multe cazuri prezent,e tocmai de aceea fac un apel la p\u0103rin\u021bi, \u00een momentul \u00een care un copil este suspicionat a avea \u0219i are primele semne de boal\u0103 s\u0103 fie \u021binut acas\u0103, s\u0103 nu fie dus \u00een colectivitate, ca s\u0103 nu r\u0103sp\u00e2ndim boala\u201d a spus Dorian Costescu, medic de familie.<\/p>\n<p>Cel mai important este ca \u00een cazul apari\u021biei bolii, copilul s\u0103 fie retras din colectivitate pentru c\u0103 virusul se r\u0103sp\u00e2nde\u0219te foarte repede.<\/p>\n<p>Perioada de tratament este de aproximativ 7 zile. \u0218i adul\u021bii se pot infecta cu aceast\u0103 boal\u0103 f\u0103r\u0103 s\u0103 aib\u0103 simptome, \u00eens\u0103 pot r\u0103sp\u00e2ndi virusul cu u\u0219urin\u021b\u0103. Igiena poate reduce \u0219ansele de r\u0103sp\u00e2ndire sau infectare.\u00a0<\/p>\n<p><a title=\"Prima ninsoare a venit cu sute de viroze respiratorii. Spitalele sunt pline de pacienti\" href=\"https:\/\/www.realitatea.net\/stiri\/sanatate\/prima-ninsoare-a-venit-cu-sute-de-viroze-respiratorii-spitalele-sunt-pline-de-pacienti_6737395250268374c43bd8e3\">Prima ninsoare a venit cu sute de viroze respiratorii. Spitalele sunt pline de pacien\u021bi<\/a><\/p>","protected":false},"excerpt":{"rendered":"<p>La Slatina tot mai mul\u021bi copii au ajuns la medic \u00een perioada asta cu simptome&hellip;<\/p>\n","protected":false},"author":0,"featured_media":7794,"comment_status":"open","ping_status":"open","sticky":false,"template":"","format":"standard","meta":{"footnotes":""},"categories":[2],"tags":[],"class_list":["post-7793","post","type-post","status-publish","format-standard","has-post-thumbnail","hentry","category-actual"],"_links":{"self":[{"href":"https:\/\/247stiri.ro\/index.php\/wp-json\/wp\/v2\/posts\/7793","targetHints":{"allow":["GET"]}}],"collection":[{"href":"https:\/\/247stiri.ro\/index.php\/wp-json\/wp\/v2\/posts"}],"about":[{"href":"https:\/\/247stiri.ro\/index.php\/wp-json\/wp\/v2\/types\/post"}],"replies":[{"embeddable":true,"href":"https:\/\/247stiri.ro\/index.php\/wp-json\/wp\/v2\/comments?post=7793"}],"version-history":[{"count":0,"href":"https:\/\/247stiri.ro\/index.php\/wp-json\/wp\/v2\/posts\/7793\/revisions"}],"wp:featuredmedia":[{"embeddable":true,"href":"https:\/\/247stiri.ro\/index.php\/wp-json\/wp\/v2\/media\/7794"}],"wp:attachment":[{"href":"https:\/\/247stiri.ro\/index.php\/wp-json\/wp\/v2\/media?parent=7793"}],"wp:term":[{"taxonomy":"category","embeddable":true,"href":"https:\/\/247stiri.ro\/index.php\/wp-json\/wp\/v2\/categories?post=7793"},{"taxonomy":"post_tag","embeddable":true,"href":"https:\/\/247stiri.ro\/index.php\/wp-json\/wp\/v2\/tags?post=7793"}],"curies":[{"name":"wp","href":"https:\/\/api.w.org\/{rel}","templated":true}]}}