{"id":7804,"date":"2024-11-16T07:54:10","date_gmt":"2024-11-16T07:54:10","guid":{"rendered":"https:\/\/247stiri.ro\/index.php\/2024\/11\/16\/donald-trump-se-inconjoara-de-femei-in-echipa-sa-noua-numire-karoline-leavitt-purtatoare-de-cuvant-a-casei-albe\/"},"modified":"2024-11-16T07:54:10","modified_gmt":"2024-11-16T07:54:10","slug":"donald-trump-se-inconjoara-de-femei-in-echipa-sa-noua-numire-karoline-leavitt-purtatoare-de-cuvant-a-casei-albe","status":"publish","type":"post","link":"https:\/\/247stiri.ro\/index.php\/2024\/11\/16\/donald-trump-se-inconjoara-de-femei-in-echipa-sa-noua-numire-karoline-leavitt-purtatoare-de-cuvant-a-casei-albe\/","title":{"rendered":"Donald Trump se \u00eenconjoar\u0103 de femei \u00een echipa sa. Noua numire &#8211;  Karoline Leavitt, purt\u0103toare de cuv\u00e2nt a Casei Albe"},"content":{"rendered":"<p>Pre\u015fedintele ales Donald Trump a anun\u0163at vineri c\u0103 a ales-o pe Karoline Leavitt, \u00een v\u00e2rst\u0103 de 27 de ani, s\u0103 devin\u0103 purt\u0103toarea de cuv\u00e2nt a Casei Albe, o pozi\u0163ie pe c\u00e2t de prestigioas\u0103, pe at\u00e2t de expus\u0103 pentru cea care i-a stat al\u0103turi candidatului republican \u00een timpul campaniei electorale, transmite s\u00e2mb\u0103t\u0103 AFP.<\/p>\n<p>Numirea acestei tinere purt\u0103toare de cuv\u00e2nt, care va fi chipul zilnic al administra\u0163iei Trump din 20 ianuarie, are loc la sf\u00e2r\u015fitul unei s\u0103pt\u0103m\u00e2ni \u00een care politicianul republican c\u00e2\u015ftig\u0103tor al scrutinului preziden\u0163ial \u015fi-a numit colaboratorii loiali cei mai apropia\u0163i \u00een func\u0163ii cheie \u00een viitorul s\u0103u executiv.&#8221;Karoline este inteligent\u0103, puternic\u0103 \u015fi s-a dovedit a fi un comunicator foarte eficient&#8221;, a afirmat Donald Trump \u00eentr-un comunicat.Aceast\u0103 pozi\u0163ie strategic\u0103 presupune s\u0103 r\u0103spund\u0103 aproape zilnic la \u00eentreb\u0103ri din partea presei \u00een fa\u0163a camerelor. Karine Jean-Pierre (50 de ani), actuala de\u0163in\u0103toare a func\u0163iei \u00een cadrul administra\u0163iei Biden, ocup\u0103 acest post din mai 2022.<\/p>\n<p>Karoline Leavitt &#8222;a f\u0103cut o treab\u0103 fenomenal\u0103 ca purt\u0103tor de cuv\u00e2nt na\u0163ional \u00een timpul campaniei mele istorice \u015fi sunt \u00eenc\u00e2ntat s\u0103 anun\u0163 c\u0103 va fi purt\u0103toarea de cuv\u00e2nt a Casei Albe&#8221;, a ad\u0103ugat Donald Trump, asigur\u00e2nd c\u0103 ea &#8222;va excela \u00een fa\u0163a pupitrului \u015fi ne va ajuta s\u0103 transmitem mesajul nostru poporului american, astfel \u00eenc\u00e2t America s\u0103 poat\u0103 deveni din nou o na\u0163iune m\u0103rea\u0163\u0103&#8221;.Ea va lucra sub conducerea lui Steven Cheung, director de comunicare pentru campanie, care va prelua acela\u015fi titlu la Casa Alb\u0103.Karoline Leavitt a lucrat anterior \u00een Congres ca responsabil\u0103 cu comunicarea pentru Elise Stefanik, o reprezentant\u0103 \u00een v\u00e2rst\u0103 de 40 de ani din statul New York, numit\u0103 recent de Donald Trump \u00een func\u0163ia de ambasador al SUA la ONU.<\/p>\n<p>De asemenea, ea a f\u0103cut campanie personal\u0103, \u00een 2022, pentru a fi aleas\u0103 \u00een Camera Reprezentan\u0163ilor ca reprezentant al statului New Hampshire, dar a suferit o \u00eenfr\u00e2ngere.&#8221;Nu am crescut \u00eentr-o familie politic\u0103. La fel ca majoritatea americanilor, am crescut \u00eentr-o familie de antreprenori din clasa de mijloc aici, \u00een statul meu natal, New Hampshire. M-am apucat de politic\u0103 \u00een facultate&#8221;, a declarat ea vineri \u00eentr-un podcast Fox News.\u00cen acest podcast ea a povestit c\u0103 a ajutat o echip\u0103 de la acest canal popular \u00een r\u00e2ndul conservatorilor la universitatea ei din Saint Anselm, \u00een perioada studen\u0163iei, \u00een timpul primarelor republicane din 2016, fiind &#8222;unul dintre pu\u0163inii conservatori din campus&#8221;. &#8222;Atunci am decis ce vreau s\u0103 fac cu cariera mea&#8221;, a spus ea.\u00cen timpul primului s\u0103u mandat la Casa Alb\u0103, Donald Trump a lucrat cu mai mul\u0163i purt\u0103tori de cuv\u00e2nt, printre care Sarah Huckabee Sanders, Kayleigh McEnany \u015fi Sean Spicer.\u00a0<\/p>\n<p><a title=\"Trump vrea sa puna puterea in mainile unei femei controversate, care si-a omorat cainele pentru ca nu putea sa il dreseze\" href=\"https:\/\/www.realitatea.net\/stiri\/actual\/trump-vrea-sa-puna-puterea-in-mainile-unei-femei-controversate-care-sia-omorat-cainele-pentru-ca-nu-putea-sa-il-dreseze_6735bbab8eb5d51dc309beb2\">Trump vrea s\u0103 pun\u0103 puterea \u00een m\u00e2inile unei femei controversate, care \u0219i-a omor\u00e2t c\u00e2inele pentru c\u0103 nu putea s\u0103 \u00eel dreseze<\/a><\/p>","protected":false},"excerpt":{"rendered":"<p>Pre\u015fedintele ales Donald Trump a anun\u0163at vineri c\u0103 a ales-o pe Karoline Leavitt, \u00een v\u00e2rst\u0103&hellip;<\/p>\n","protected":false},"author":0,"featured_media":7803,"comment_status":"open","ping_status":"open","sticky":false,"template":"","format":"standard","meta":{"footnotes":""},"categories":[2],"tags":[],"class_list":["post-7804","post","type-post","status-publish","format-standard","has-post-thumbnail","hentry","category-actual"],"_links":{"self":[{"href":"https:\/\/247stiri.ro\/index.php\/wp-json\/wp\/v2\/posts\/7804","targetHints":{"allow":["GET"]}}],"collection":[{"href":"https:\/\/247stiri.ro\/index.php\/wp-json\/wp\/v2\/posts"}],"about":[{"href":"https:\/\/247stiri.ro\/index.php\/wp-json\/wp\/v2\/types\/post"}],"replies":[{"embeddable":true,"href":"https:\/\/247stiri.ro\/index.php\/wp-json\/wp\/v2\/comments?post=7804"}],"version-history":[{"count":0,"href":"https:\/\/247stiri.ro\/index.php\/wp-json\/wp\/v2\/posts\/7804\/revisions"}],"wp:featuredmedia":[{"embeddable":true,"href":"https:\/\/247stiri.ro\/index.php\/wp-json\/wp\/v2\/media\/7803"}],"wp:attachment":[{"href":"https:\/\/247stiri.ro\/index.php\/wp-json\/wp\/v2\/media?parent=7804"}],"wp:term":[{"taxonomy":"category","embeddable":true,"href":"https:\/\/247stiri.ro\/index.php\/wp-json\/wp\/v2\/categories?post=7804"},{"taxonomy":"post_tag","embeddable":true,"href":"https:\/\/247stiri.ro\/index.php\/wp-json\/wp\/v2\/tags?post=7804"}],"curies":[{"name":"wp","href":"https:\/\/api.w.org\/{rel}","templated":true}]}}