{"id":7815,"date":"2024-11-16T08:58:14","date_gmt":"2024-11-16T08:58:14","guid":{"rendered":"https:\/\/247stiri.ro\/index.php\/2024\/11\/16\/motivul-halucinant-pentru-care-fotbalistii-din-kosovo-au-abandonat-meciul-cu-romania-anuntat-oficial-de-reprezentantii-echipei\/"},"modified":"2024-11-16T08:58:14","modified_gmt":"2024-11-16T08:58:14","slug":"motivul-halucinant-pentru-care-fotbalistii-din-kosovo-au-abandonat-meciul-cu-romania-anuntat-oficial-de-reprezentantii-echipei","status":"publish","type":"post","link":"https:\/\/247stiri.ro\/index.php\/2024\/11\/16\/motivul-halucinant-pentru-care-fotbalistii-din-kosovo-au-abandonat-meciul-cu-romania-anuntat-oficial-de-reprezentantii-echipei\/","title":{"rendered":"Motivul halucinant pentru care fotbali\u0219tii din Kosovo au abandonat meciul cu Rom\u00e2nia, anun\u021bat oficial de reprezentan\u021bii echipei"},"content":{"rendered":"<p>Bajram Shala, directorul sportiv al na\u021bionalei din Kosovo, a explicat c\u0103 plecarea juc\u0103torilor de pe teren a fost cauzat\u0103 de scand\u0103rile discriminatorii, subliniind c\u0103 nu au fost respectate principiile fundamentale ale UEFA. El a considerat c\u0103 ac\u021biunea juc\u0103torilor kosovari a fost una corect\u0103, chiar dac\u0103 nu au ob\u021binut aprobarea arbitrului pentru aceast\u0103 decizie.<\/p>\n<p>\u201eNu putem participa \u00een cazul \u00een care nu sunt respectate principiile de baz\u0103 ale UEFA. A existat \u0219i rasism \u0219i comportament rasial \u00eempotriva echipei na\u021bionale a Kosovo, a\u0219a c\u0103 am decis s\u0103 nu particip\u0103m la acest meci pentru c\u0103 este a doua oar\u0103 pe acela\u0219i stadion. Nu exist\u0103 respect sau insult\u0103 rasial\u0103 fa\u021b\u0103 de na\u021bionala pe care o reprezent\u0103m\u201d, a spus Bajram Shala, la conferin\u021ba de pres\u0103.<\/p>\n<p>\u0218i selec\u021bionerul kosovarilor, Franco Foda, a mers pe aceea\u0219i narativ\u0103 cu care oaspe\u021bii se vor prezenta la judecata UEFA. \u201dLa conferin\u021ba de ieri am cerut ca toat\u0103 lumea s\u0103 dea dovad\u0103 de respect pe teren \u0219i \u00een afara acesteia. \u00cenainte de meci, le-am spus fotbali\u0219tilor s\u0103 arate cum Kosovo poate juca fotbal \u0219i am ar\u0103tat acest lucru \u00eentr-un mod excelent.<\/p>\n<p>Din p\u0103cate, respectul a fost pierdut la finalul meciului. \u0218i de aceea am decis ini\u021bial s\u0103 p\u0103r\u0103sim terenul. Apoi am discutat cu fotbali\u0219tii \u0219i cu to\u021bi ceilal\u021bi s\u0103 ne \u00eentoarcem pe teren. Dar problema este c\u0103 situa\u021bia de pe stadion nu s-a schimbat.<\/p>\n<p>\u0218i din acest motiv, am decis cu to\u021bii \u00eempreun\u0103 s\u0103 nu mai revenim pe teren \u0219i s\u0103 nu mai continu\u0103m meciul. \u00cemi pare r\u0103u pentru asta, deoarece echipa a jucat un meci grozav \u00een seara asta. Dar toat\u0103 lumea ar trebui s\u0103 respecte faptul c\u0103 suntem Kosovo. Sper c\u0103 \u00een viitor UEFA va lua m\u0103surile adecvate pentru ca ceea ce s-a \u00eent\u00e2mplat \u00een aceast\u0103 sear\u0103 s\u0103 nu se mai repete\u201d, a spus Franco Foda, la conferin\u021ba de pres\u0103.<\/p>\n<p>Prima reac\u021bie a UEFA dup\u0103 meciul Rom\u00e2nia &#8211; Kosovo<\/p>\n<p>La miezul nop\u021bii, UEFA s-a rezumat s\u0103 transmit\u0103 pe site-ul oficial c\u0103\u00a0&#8222;meciul din Liga Na\u021bionilor dintre Rom\u00e2nia \u0219i Kosovo a fost abandonat. UEFA va comunica informa\u021bii suplimentare \u00een timp util&#8221;.<\/p>\n<p>Meciul dintre echipa na\u021bional\u0103 de fotbal a Rom\u00e2niei \u0219i Kosovo a fost \u00eentrerupt \u00een minutul 90+5, la scorul de 0-0, vineri seara, pe Arena Na\u021bional\u0103 din Bucure\u0219ti, \u00een cadrul Grupei C2 din Liga Na\u021biunilor, din cauza retragerii echipei oaspete de pe teren. Partida s-a \u00eencheiat, f\u0103r\u0103 prezen\u021ba juc\u0103torilor oaspe\u021bi, dup\u0103 mai bine de o or\u0103, s\u00e2mb\u0103t\u0103. Arbitrul meciului a revenit pe teren \u00een \u00eencercarea de a convinge juc\u0103torii din Kosovo s\u0103 joace ultimele dou\u0103 minute, dar, \u00een fa\u021ba juc\u0103torilor rom\u00e2ni, a fluierat finalul. UEFA va lua o decizie \u00een leg\u0103tur\u0103 cu acest incident.<\/p>\n<p><a href=\"https:\/\/www.realitatea.net\/stiri\/actual\/meciul-romania-kosovo-a-fost-suspendat-kosovarii-au-parasit-terenul-in-minutele-de-prelungire_6737c5b1b2f7be332e32cfe2\" target=\"_blank\">Meciul Rom\u00e2nia &#8211; Kosovo a fost suspendat. Kosovarii au p\u0103r\u0103sit terenul \u00een minutele de prelungire<\/a><\/p>","protected":false},"excerpt":{"rendered":"<p>Bajram Shala, directorul sportiv al na\u021bionalei din Kosovo, a explicat c\u0103 plecarea juc\u0103torilor de pe&hellip;<\/p>\n","protected":false},"author":0,"featured_media":7814,"comment_status":"open","ping_status":"open","sticky":false,"template":"","format":"standard","meta":{"footnotes":""},"categories":[2],"tags":[],"class_list":["post-7815","post","type-post","status-publish","format-standard","has-post-thumbnail","hentry","category-actual"],"_links":{"self":[{"href":"https:\/\/247stiri.ro\/index.php\/wp-json\/wp\/v2\/posts\/7815","targetHints":{"allow":["GET"]}}],"collection":[{"href":"https:\/\/247stiri.ro\/index.php\/wp-json\/wp\/v2\/posts"}],"about":[{"href":"https:\/\/247stiri.ro\/index.php\/wp-json\/wp\/v2\/types\/post"}],"replies":[{"embeddable":true,"href":"https:\/\/247stiri.ro\/index.php\/wp-json\/wp\/v2\/comments?post=7815"}],"version-history":[{"count":0,"href":"https:\/\/247stiri.ro\/index.php\/wp-json\/wp\/v2\/posts\/7815\/revisions"}],"wp:featuredmedia":[{"embeddable":true,"href":"https:\/\/247stiri.ro\/index.php\/wp-json\/wp\/v2\/media\/7814"}],"wp:attachment":[{"href":"https:\/\/247stiri.ro\/index.php\/wp-json\/wp\/v2\/media?parent=7815"}],"wp:term":[{"taxonomy":"category","embeddable":true,"href":"https:\/\/247stiri.ro\/index.php\/wp-json\/wp\/v2\/categories?post=7815"},{"taxonomy":"post_tag","embeddable":true,"href":"https:\/\/247stiri.ro\/index.php\/wp-json\/wp\/v2\/tags?post=7815"}],"curies":[{"name":"wp","href":"https:\/\/api.w.org\/{rel}","templated":true}]}}