{"id":7827,"date":"2024-11-16T09:46:31","date_gmt":"2024-11-16T09:46:31","guid":{"rendered":"https:\/\/247stiri.ro\/index.php\/2024\/11\/16\/oficialul-bnr-lucian-croitoru-face-profilul-viitorului-presedinte-ar-trebui-sa-fie-un-adversar-puternic-al-tendintelor-extremiste\/"},"modified":"2024-11-16T09:46:31","modified_gmt":"2024-11-16T09:46:31","slug":"oficialul-bnr-lucian-croitoru-face-profilul-viitorului-presedinte-ar-trebui-sa-fie-un-adversar-puternic-al-tendintelor-extremiste","status":"publish","type":"post","link":"https:\/\/247stiri.ro\/index.php\/2024\/11\/16\/oficialul-bnr-lucian-croitoru-face-profilul-viitorului-presedinte-ar-trebui-sa-fie-un-adversar-puternic-al-tendintelor-extremiste\/","title":{"rendered":"Oficialul BNR Lucian Croitoru face profilul viitorului pre\u0219edinte: Ar trebui s\u0103 fie un adversar puternic al tendin\u021belor extremiste"},"content":{"rendered":"<p>Rom\u00e2nia se afl\u0103 \u00eentr-o situa\u021bie geopolitic\u0103 delicat\u0103, fiind aproape de conflict militar, ceea ce determin\u0103 alegerea unui pre\u0219edinte care nu doar s\u0103 \u00een\u021beleag\u0103 complexit\u0103\u021bile interna\u021bionale, dar s\u0103 aib\u0103 \u0219i capacitatea de a naviga cu dib\u0103cie printre provoc\u0103rile externe, crede economistul BNR.\u00a0<\/p>\n<p>Pe plan intern, economistul BNR a remarcat c\u0103 Rom\u00e2nia nu a avut, p\u00e2n\u0103 acum, un \u0219ef de stat care s\u0103 plaseze antreprenoriatul \u00een centrul filozofiei de dezvoltare economic\u0103. El a eviden\u021biat necesitatea unei schimb\u0103ri culturale \u00een abordarea politicilor economice, \u00eendemn\u00e2nd la o viziune liberal\u0103 care s\u0103 favorizeze ini\u021biativa privat\u0103. Croitoru sugereaz\u0103 c\u0103 o astfel de mentalitate ar putea genera un av\u00e2nt economic revitalizant, \u00een special prin crearea unei clase de mijloc prospere care s\u0103 reduc\u0103 dependen\u021ba de bugetul de stat.<\/p>\n<p>\u201eViitorul pre\u0219edinte al Rom\u00e2niei. Cu cine voi vota eu \u00een primul tur al alegerilor preziden\u021bialeNu po\u021bi s\u0103 dai o defini\u021bie a candidatului perfect la pre\u0219edin\u021bia Rom\u00e2niei. Po\u021bi doar s\u0103 identifici, c\u00e2t de c\u00e2t corect, contextul \u00een care se afl\u0103 \u021bara \u0219i s\u0103 \u00eencerci s\u0103 vezi care dintre candida\u021bi este mai potrivit cu acest context \u0219i cu o estimare rezonabil\u0103 a evolu\u021biei acestuia pe perioada mandatului.1. Pe plan extern, Rom\u00e2nia se afl\u0103 \u00een apropierea unui conflict militar. \u00cen aceast\u0103 situa\u021bie, Rom\u00e2nia are nevoie de un pre\u0219edinte cu o minte preg\u0103tit\u0103 s\u0103 judece matur at\u00e2t din punct de vedere politic, c\u00e2t \u0219i militar.2. Rom\u00e2nia este \u0219i trebuie s\u0103 r\u00e2m\u00e2n\u0103 membr\u0103 a Uniunii Europeane. Ne trebuie un pre\u0219edinte dornic s\u0103 lupte pentru ca politicile economice ale Uniunii s\u0103 vizeze restr\u00e2ngerea regulilor inventate \u0219i redarea spa\u021biului central de ac\u021biune regulilor descoperite \u00een procesul nostru selectiv de evolu\u021bie, cele care formeaz\u0103 sistemul de valori ale liberalismului economic clasic. Astfel, mult mai mul\u021bi oameni vor putea s\u0103 vad\u0103 c\u0103 obiectivul justi\u021biei sociale este artificial, adic\u0103 prea \u00een st\u00e2nga, iar ceea ce se nume\u0219te inadecvat dreapta este centrul firesc.3. Rom\u00e2nia nu a avut niciodat\u0103 un pre\u0219edinte (domnitor, politician important) care s\u0103 pun\u0103 antreprenoriatul \u00een centrul filozofiei sale despre societate. Pe plan intern, ceea ce a lipsit Rom\u00e2niei dintodeauna a fost o concep\u021bie liberal\u0103 referitoare la dezvoltarea economic\u0103 a \u021b\u0103rii. Cu excep\u021bia c\u00e2torva g\u00e2nditori, probabil opt-zece \u00een \u00eentreaga noastr\u0103 istorie, ceilal\u021bi economi\u0219ti sau oameni politici au conceput aproape mereu dezvoltarea economiei prin extinderea statului \u0219i a interven\u021biilor sale \u00een economie. Aproape niciunul dintre oamenii politici, \u0219i cu at\u00e2t mai mult dintre cei ce au servit \u00een posturi administrative importante, nu a proiectat \u0219i nu a sprijinit politici economice care s\u0103 vizeze \u00een mod direct dezvoltarea antreprenoriatului. Odat\u0103 ce aceast\u0103 valoare este pus\u0103 la locul ei, \u00eentreaga concep\u021bie ce ghideaz\u0103 elaborarea politicilor economice se schimb\u0103 total fa\u021b\u0103 de ce a existat p\u00e2n\u0103 acum. Iar aceste politici vor desc\u0103tu\u0219a for\u021be economice incredibile \u00een interiorul \u021b\u0103rii noastre. Vom vedea cum segmentul dependent de redistribuirea de la buget se va \u00eengusta \u0219i va face loc unei clase mijlocii tot mai prospere.4. Rom\u00e2nii trebuie s\u0103 aib\u0103 garan\u021bia c\u0103, \u00een cazul unor provoc\u0103ri majore ce ar putea necesita solu\u021bii urgente, de exemplu, formele de r\u0103zboi hibrid, nu vor fi obliga\u021bi s\u0103-\u0219i sacrifice libertatea \u00een numele urgen\u021bei. Avem nevoie de un pre\u0219edinte care s\u0103 cread\u0103 \u00een aceast\u0103 filozofie liberal\u0103 \u0219i dispus s\u0103 fie foarte activ \u00een ceea ce prive\u0219te men\u021binerea echilibrului \u00eentre puteri \u0219i la prezervarea libert\u0103\u021bilor. \u00cen principiu, dar mai ales \u00een contextul actual, ar fi bine pentru t\u00e2n\u0103ra noastr\u0103 democra\u021bie ca pre\u0219edintele s\u0103 provin\u0103 din partea liberal\u0103 a spectrului politic, dac\u0103 puterea executiv\u0103 \u0219i puterea legislativ\u0103 vor proveni, a\u0219a cum cred c\u0103 este evident, din zona social-democra\u021biei.5. \u00cen sf\u00e2r\u0219it, atunci c\u00e2nd avem \u00een minte figura viitorului pre\u0219edinte, trebuie s\u0103 \u021binem cont de faptul c\u0103 tr\u0103im \u00eentr-o lume \u00een care unii aleg s\u0103 r\u0103spund\u0103 stresului indus chiar de progresul societ\u0103\u021bii cu abord\u0103ri politice extremiste sau cu tribalismul modern pe care \u00eel reprezint\u0103 na\u021bionalismul. Pre\u0219edintele nostru ar trebui s\u0103 fie un adversar puternic al acestor tendin\u021be.Nu v\u0103 spun eu cu cine s\u0103 vota\u021bi, dar sper s\u0103 v\u0103 g\u00e2ndi\u021bi la criteriile ce rezult\u0103 din ra\u021bionamentele pe care le-am prezentat. Pondera\u021bi-le cum dori\u021bi, dar lua\u021bi-le \u00een calcul c\u00e2nd v\u0103 definitiva\u021bi decizia de vot!\u201d, a scris Lucian Croitoru pe pagina sa de Facebook.\u00a0<\/p>","protected":false},"excerpt":{"rendered":"<p>Rom\u00e2nia se afl\u0103 \u00eentr-o situa\u021bie geopolitic\u0103 delicat\u0103, fiind aproape de conflict militar, ceea ce determin\u0103&hellip;<\/p>\n","protected":false},"author":0,"featured_media":7825,"comment_status":"open","ping_status":"open","sticky":false,"template":"","format":"standard","meta":{"footnotes":""},"categories":[2],"tags":[],"class_list":["post-7827","post","type-post","status-publish","format-standard","has-post-thumbnail","hentry","category-actual"],"_links":{"self":[{"href":"https:\/\/247stiri.ro\/index.php\/wp-json\/wp\/v2\/posts\/7827","targetHints":{"allow":["GET"]}}],"collection":[{"href":"https:\/\/247stiri.ro\/index.php\/wp-json\/wp\/v2\/posts"}],"about":[{"href":"https:\/\/247stiri.ro\/index.php\/wp-json\/wp\/v2\/types\/post"}],"replies":[{"embeddable":true,"href":"https:\/\/247stiri.ro\/index.php\/wp-json\/wp\/v2\/comments?post=7827"}],"version-history":[{"count":0,"href":"https:\/\/247stiri.ro\/index.php\/wp-json\/wp\/v2\/posts\/7827\/revisions"}],"wp:featuredmedia":[{"embeddable":true,"href":"https:\/\/247stiri.ro\/index.php\/wp-json\/wp\/v2\/media\/7825"}],"wp:attachment":[{"href":"https:\/\/247stiri.ro\/index.php\/wp-json\/wp\/v2\/media?parent=7827"}],"wp:term":[{"taxonomy":"category","embeddable":true,"href":"https:\/\/247stiri.ro\/index.php\/wp-json\/wp\/v2\/categories?post=7827"},{"taxonomy":"post_tag","embeddable":true,"href":"https:\/\/247stiri.ro\/index.php\/wp-json\/wp\/v2\/tags?post=7827"}],"curies":[{"name":"wp","href":"https:\/\/api.w.org\/{rel}","templated":true}]}}