{"id":7838,"date":"2024-11-16T10:48:17","date_gmt":"2024-11-16T10:48:17","guid":{"rendered":"https:\/\/247stiri.ro\/index.php\/2024\/11\/16\/o-casnica-o-manichiurista-si-un-barman-printre-candidatii-la-parlamentare-pentru-judetul-alba\/"},"modified":"2024-11-16T10:48:17","modified_gmt":"2024-11-16T10:48:17","slug":"o-casnica-o-manichiurista-si-un-barman-printre-candidatii-la-parlamentare-pentru-judetul-alba","status":"publish","type":"post","link":"https:\/\/247stiri.ro\/index.php\/2024\/11\/16\/o-casnica-o-manichiurista-si-un-barman-printre-candidatii-la-parlamentare-pentru-judetul-alba\/","title":{"rendered":"O casnic\u0103, o manichiurist\u0103 \u015fi un barman &#8211; printre candida\u0163ii la parlamentare pentru jude\u021bul Alba"},"content":{"rendered":"<p>Mul\u0163i dintre candida\u0163i nu au nicio leg\u0103tur\u0103 cu jude\u0163ul Alba, nefiind n\u0103scu\u0163i \u015fi nici av\u00e2nd domiciliul aici, potrivit documentelor afi\u015fate la avizierul Biroului Electoral de Circumscrip\u0163ie Jude\u0163ean\u0103 Nr. 1 Alba.Astfel, sunt partide care au pe liste doar persoane domiciliate \u00een Bucure\u015fti.Este cazul Partidului Alternativa pentru Demnitate Na\u0163ional\u0103, unde at\u00e2t cei trei candida\u0163i la Senat, c\u00e2t \u015fi cei cinci de pe lista pentru Camera Deputa\u0163ilor locuiesc \u00een Bucure\u015fti. Lista la Senat este deschis\u0103 de un diplomat din Republica Moldova, Iulia Gorea-Costin.Pe lista candida\u0163ilor pentru Senat depus\u0103 de Partidul Social Democrat Unit se afl\u0103 o bucure\u015fteanc\u0103, iar pe cea de la Camera Deputa\u0163ilor fiind tot doi locuitori din Bucure\u015fti.O bucure\u015fteanc\u0103 vrea s\u0103 reprezinte Partidul S\u0103n\u0103tate Educa\u0163ie Natur\u0103 Sustenabilitate \u00een Camera Deputa\u0163ilor.Partidul Noua Rom\u00e2nie a depus o list\u0103 pentru Camera Deputa\u0163ilor cu un candidat domiciliat \u00een jude\u0163ul Dolj, pe cea pentru Senat afl\u00e2ndu-se unul din jude\u0163ul Olt.Partidul Dreptate \u015fi Respect \u00een Europa pentru To\u0163i are doi candida\u0163i la Camera Deputa\u0163ilor, unul din Mure\u015f, cel\u0103lalt din jude\u0163ul Hunedoara, iar la Senat tot doi candida\u0163i pe list\u0103, din care unul din Timi\u015f.Partidul Social Democrat Independent are un hunedorean \u00een fruntea listei la Senat.Un pensionar din jude\u0163ul Timi\u015f candideaz\u0103 la Senat din partea Partidului Patrio\u0163ii Poporului Rom\u00e2n.Lista celor de la For\u0163a Dreptei are pe primele dou\u0103 pozi\u0163ii doi hunedoreni, la Senat primul loc pe list\u0103 revenindu-i lui Liviu Petrina, din Snagov, fost diplomat, secondat de un clujean.Partidul Oamenilor Tineri are pe lista pentru Camera Deputa\u0163ilor pe primul loc un antreprenor din Deva, pe lista pentru Senat fiind trei cons\u0103teni din comuna S\u0103sciori.O profesoar\u0103 de limba englez\u0103 din Cluj, dar n\u0103scut\u0103 \u00een Alba candideaz\u0103 la Camera Deputa\u0163ilor din partea REPER, la Senat fiind un inginer geolog din Cugir.Partidul Ecologist Rom\u00e2n are doar c\u00e2te un candidat pe fiecare list\u0103, ambii cu acela\u015fi nume de familie \u015fi cu domiciliul \u00een acela\u015fi sat din Alba.Din cele \u015fapte persoane \u00eenscrise pe lista Partidului S.O.S. pentru Camera Deputa\u0163ilor, cinci sunt femei, iar la Senat, din cei patru candida\u0163i, trei sunt pensionari. Prima pozi\u0163ie pe lista pentru Camera Deputa\u0163ilor este ocupat\u0103 de Ioan-Gruia Bumbu, care a condus \u00een trecut Agen\u0163ia Na\u0163ional\u0103 pentru Romi.Un antreprenor din Alba Iulia, C\u0103lin P\u0103durean, vrea s\u0103 ajung\u0103 \u00een Senat din partea Partidului Phralipe al Romilor.Alian\u0163a Na\u0163ional Cre\u015ftin\u0103 &#8211; PANC are list\u0103 doar la Camera Deputa\u0163ilor, cu doi pensionari printre cei trei candida\u0163i.Partidul Na\u0163ional Conservator Rom\u00e2n deschide lista pentru Camera Deputa\u0163ilor cu un administrator din Arie\u015feni, iar la Senat cu Marius-Adrian Ha\u0163egan, din Alba Iulia.Deputatul Alin Ignat, fost membru al PNL, candideaz\u0103 la Camera Deputa\u0163ilor din partea Partidului Rom\u00e2nia \u00een Ac\u0163iune, la Senat prima pozi\u0163ie revenind avocatei Codru\u0163a \u015euteu.<\/p>\n<p><a title='Rares Bogdan arunca in aer blatul Ciolacu-Simion. ,,Marcel Ciolacu minte, si-l doreste cu disperare pe Simion in turul 2. De unde stia ca vor iesi la iveala intalnirile lui cu ofiteri rusi?\"' href=\"https:\/\/www.realitatea.net\/stiri\/actual\/rares-bogdan-arunca-in-aer-blatul-ciolacusimion-marcel-ciolacu-minte-sil-doreste-cu-disperare-pe-simion-in-turul-2_673836616f4e1e58ff474362\">Rare\u0219 Bogdan arunc\u0103 \u00een aer blatul Ciolacu-Simion. \u201eMarcel Ciolacu minte, \u0219i-l dore\u0219te cu disperare pe Simion \u00een turul 2. De unde \u0219tia c\u0103 vor ie\u0219i la iveal\u0103 \u00eent\u00e2lnirile lui cu ofi\u021beri ru\u0219i?\u201d<\/a>UDMR deschide lista pentru Camera Deputa\u0163ilor cu doi primari, Csegezi Edith-Susana, din Lunca Mure\u015fului, \u015fi Deak-Szekely Szilard-Levente, comuna Rimetea, iar la Senat cu viceprimarul municipiului Aiud, Fulop Szabolcs-Simon.Senatorul C\u0103lin Matie\u015f (fost PSD) ocup\u0103 prima pozi\u0163ie pe lista AUR la Camera Deputa\u0163ilor, lista pentru Senat fiind deschis\u0103 de senatorul Andrei Emil D\u00eerl\u0103u, din Arge\u015f.At\u00e2t la Camera Deputa\u0163ilor, c\u00e2t \u015fi la Senat, lista USR este deschis\u0103 de c\u0103tre o femeie, Dana Nanu, fost consilier local din partea PSD, respectiv Cosmina Mari\u015f, asistent social.Din partea PSD candideaz\u0103 la Camera Deputa\u0163ilor un antreprenor, Voicu Vu\u015fcan, urmat pe list\u0103 de un medic stomatolog, Adrian Bara, \u015fi de avocata Iulia Fabian-M\u0103rincean, to\u0163i trei intra\u0163i \u00een politic\u0103 \u00een acest an. La Senat, lista este deschis\u0103 de pre\u015fedintele PSD Alba, Corneliu Mure\u015fan, secondat de deputatul Beniamin Todosiu, fost lider al USR Alba.Deputatul liberal Florin Roman vrea un al treilea mandat \u00een Parlament, el fiind urmat de un necunoscut practic p\u00e2n\u0103 la anun\u0163area oficial\u0103 a candida\u0163ilor, Radu Alexandru, de 30 de ani, \u015fi de fostul ministru PSD al Culturii, Daniel Breaz, rectorul Universit\u0103\u0163ii &#8222;1 Decembrie 1918&#8221; Alba Iulia. La Senat, dup\u0103 invalidarea de c\u0103tre justi\u0163ie a candidaturii primarului din Zlatna, Silviu Ponoran, prima pozi\u0163ie pe lista PNL a revenit actualului senator Claudiu R\u0103cuci.\u00cen total candideaz\u0103 \u00een Circumscrip\u0163ia Jude\u0163ean\u0103 Nr. 1 Alba 91 de persoane la Camera Deputa\u0163ilor \u015fi 54 la Senat.Jude\u0163ul Alba va avea \u015fapte mandate de parlamentar, din care cinci de deputat \u015fi dou\u0103 de senator.\u00a0<\/p>\n<p><a title=\"Oficialul BNR Lucian Croitoru face profilul viitorului presedinte: Ar trebui sa fie un adversar puternic al tendintelor extremiste\" href=\"https:\/\/www.realitatea.net\/stiri\/actual\/oficialul-bnr-lucian-croitoru-face-profilul-viitorului-presedinte-ar-trebui-sa-fie-un-adversar-puternic-al-tendintelor-extremiste_673862e3ed9aba4e400539c2\">Oficialul BNR Lucian Croitoru face profilul viitorului pre\u0219edinte: Ar trebui s\u0103 fie un adversar puternic al tendin\u021belor extremiste<\/a><\/p>","protected":false},"excerpt":{"rendered":"<p>Mul\u0163i dintre candida\u0163i nu au nicio leg\u0103tur\u0103 cu jude\u0163ul Alba, nefiind n\u0103scu\u0163i \u015fi nici av\u00e2nd&hellip;<\/p>\n","protected":false},"author":0,"featured_media":7823,"comment_status":"open","ping_status":"open","sticky":false,"template":"","format":"standard","meta":{"footnotes":""},"categories":[2],"tags":[],"class_list":["post-7838","post","type-post","status-publish","format-standard","has-post-thumbnail","hentry","category-actual"],"_links":{"self":[{"href":"https:\/\/247stiri.ro\/index.php\/wp-json\/wp\/v2\/posts\/7838","targetHints":{"allow":["GET"]}}],"collection":[{"href":"https:\/\/247stiri.ro\/index.php\/wp-json\/wp\/v2\/posts"}],"about":[{"href":"https:\/\/247stiri.ro\/index.php\/wp-json\/wp\/v2\/types\/post"}],"replies":[{"embeddable":true,"href":"https:\/\/247stiri.ro\/index.php\/wp-json\/wp\/v2\/comments?post=7838"}],"version-history":[{"count":0,"href":"https:\/\/247stiri.ro\/index.php\/wp-json\/wp\/v2\/posts\/7838\/revisions"}],"wp:featuredmedia":[{"embeddable":true,"href":"https:\/\/247stiri.ro\/index.php\/wp-json\/wp\/v2\/media\/7823"}],"wp:attachment":[{"href":"https:\/\/247stiri.ro\/index.php\/wp-json\/wp\/v2\/media?parent=7838"}],"wp:term":[{"taxonomy":"category","embeddable":true,"href":"https:\/\/247stiri.ro\/index.php\/wp-json\/wp\/v2\/categories?post=7838"},{"taxonomy":"post_tag","embeddable":true,"href":"https:\/\/247stiri.ro\/index.php\/wp-json\/wp\/v2\/tags?post=7838"}],"curies":[{"name":"wp","href":"https:\/\/api.w.org\/{rel}","templated":true}]}}