{"id":7844,"date":"2024-11-16T11:45:31","date_gmt":"2024-11-16T11:45:31","guid":{"rendered":"https:\/\/247stiri.ro\/index.php\/2024\/11\/16\/un-sofer-polonez-de-tir-a-fost-prins-circuland-pe-contrasens-pe-autostrada-bucuresti-pitesti-ce-pedeapsa-i-au-aplicat-politistii\/"},"modified":"2024-11-16T11:45:31","modified_gmt":"2024-11-16T11:45:31","slug":"un-sofer-polonez-de-tir-a-fost-prins-circuland-pe-contrasens-pe-autostrada-bucuresti-pitesti-ce-pedeapsa-i-au-aplicat-politistii","status":"publish","type":"post","link":"https:\/\/247stiri.ro\/index.php\/2024\/11\/16\/un-sofer-polonez-de-tir-a-fost-prins-circuland-pe-contrasens-pe-autostrada-bucuresti-pitesti-ce-pedeapsa-i-au-aplicat-politistii\/","title":{"rendered":"Un \u0219ofer polonez de TIR a fost prins circul\u00e2nd pe contrasens pe Autostrada Bucure\u015fti-Pite\u015fti. Ce pedeaps\u0103 i-au aplicat poli\u021bi\u0219tii"},"content":{"rendered":"<p>Poli\u0163i\u015ftii Biroului de Poli\u0163ie Autostrada A1 au fost sesiza\u0163i s\u00e2mb\u0103t\u0103 diminea\u0163a, de c\u0103tre un b\u0103rbat, cu privire la faptul c\u0103 un ansamblu de vehicule ar circula pe contrasens, pe autostrada A1 Bucure\u015fti &#8211; Pite\u015fti, \u00een zona km. 119, c\u0103tre Bucure\u015fti.Un echipaj de poli\u0163ie s-a deplasat de urgen\u0163\u0103 \u00een zona indicat\u0103 \u015fi a identificat ansamblul de vehicule.Dup\u0103 ce ansamblul rutier a fost interceptat, acesta a fost dus \u00een spa\u0163iul de servicii, iar conduc\u0103torul auto a fost identificat \u00een persoana unui b\u0103rbat, de 42 de ani, cet\u0103\u0163ean polonez.Fa\u0163\u0103 de b\u0103rbat, poli\u0163i\u015ftii au luat m\u0103sura sanc\u0163ion\u0103rii contraven\u0163ionale, cu amend\u0103 de 3.000 de lei \u015fi suspend\u0103rii exercit\u0103rii dreptului de a conduce, pentru 120 de zile.\u00a0<\/p>\n<p><a title=\"Accident rutier grav in miezul noptii, in Pitesti. Patru persoane au fost transportate la spital \" href=\"https:\/\/www.realitatea.net\/stiri\/actual\/accident-rutier-grav-in-miezul-noptii-in-pitesti-patru-persoane-au-fost-transportate-la-spital_67383e65a52e8105a81b88a4\">Accident rutier grav \u00een miezul nop\u021bii, \u00een Pite\u0219ti. Patru persoane au fost transportate la spital<\/a><\/p>","protected":false},"excerpt":{"rendered":"<p>Poli\u0163i\u015ftii Biroului de Poli\u0163ie Autostrada A1 au fost sesiza\u0163i s\u00e2mb\u0103t\u0103 diminea\u0163a, de c\u0103tre un b\u0103rbat,&hellip;<\/p>\n","protected":false},"author":0,"featured_media":7845,"comment_status":"open","ping_status":"open","sticky":false,"template":"","format":"standard","meta":{"footnotes":""},"categories":[2],"tags":[],"class_list":["post-7844","post","type-post","status-publish","format-standard","has-post-thumbnail","hentry","category-actual"],"_links":{"self":[{"href":"https:\/\/247stiri.ro\/index.php\/wp-json\/wp\/v2\/posts\/7844","targetHints":{"allow":["GET"]}}],"collection":[{"href":"https:\/\/247stiri.ro\/index.php\/wp-json\/wp\/v2\/posts"}],"about":[{"href":"https:\/\/247stiri.ro\/index.php\/wp-json\/wp\/v2\/types\/post"}],"replies":[{"embeddable":true,"href":"https:\/\/247stiri.ro\/index.php\/wp-json\/wp\/v2\/comments?post=7844"}],"version-history":[{"count":0,"href":"https:\/\/247stiri.ro\/index.php\/wp-json\/wp\/v2\/posts\/7844\/revisions"}],"wp:featuredmedia":[{"embeddable":true,"href":"https:\/\/247stiri.ro\/index.php\/wp-json\/wp\/v2\/media\/7845"}],"wp:attachment":[{"href":"https:\/\/247stiri.ro\/index.php\/wp-json\/wp\/v2\/media?parent=7844"}],"wp:term":[{"taxonomy":"category","embeddable":true,"href":"https:\/\/247stiri.ro\/index.php\/wp-json\/wp\/v2\/categories?post=7844"},{"taxonomy":"post_tag","embeddable":true,"href":"https:\/\/247stiri.ro\/index.php\/wp-json\/wp\/v2\/tags?post=7844"}],"curies":[{"name":"wp","href":"https:\/\/api.w.org\/{rel}","templated":true}]}}