{"id":7859,"date":"2024-11-16T12:50:52","date_gmt":"2024-11-16T12:50:52","guid":{"rendered":"https:\/\/247stiri.ro\/index.php\/2024\/11\/16\/nicolae-ciuca-democratia-nu-se-joaca-la-ruleta-ruseasca-se-apara-prin-vot-corect-cinstit\/"},"modified":"2024-11-16T12:50:52","modified_gmt":"2024-11-16T12:50:52","slug":"nicolae-ciuca-democratia-nu-se-joaca-la-ruleta-ruseasca-se-apara-prin-vot-corect-cinstit","status":"publish","type":"post","link":"https:\/\/247stiri.ro\/index.php\/2024\/11\/16\/nicolae-ciuca-democratia-nu-se-joaca-la-ruleta-ruseasca-se-apara-prin-vot-corect-cinstit\/","title":{"rendered":"Nicolae Ciuc\u0103: Democra\u021bia nu se joac\u0103 la ruleta ruseasc\u0103. Se ap\u0103r\u0103 prin vot corect, cinstit"},"content":{"rendered":"<p>Ciuc\u0103 a deschis discursul s\u0103u cu un salut cald pentru to\u021bi rom\u00e2nii, subliniind importan\u021ba de a p\u0103stra vie memoria eroilor care \u0219i-au sacrificat vie\u021bile \u00een lupta \u00eempotriva regimului comunist.\u00a0<\/p>\n<p>\u201eSalut to\u021bi rom\u00e2nii, oriunde s-ar afla, \u00een \u021bar\u0103 sau diaspora. Vreau s\u0103 v\u0103 spun ceea ce simt aici, la Timi\u0219oara, dup\u0103 ce ieri am fost la Bra\u0219ov unde \u00een urm\u0103 cu 37 de ani s-a dat primul semnal de revolt\u0103 anti comunist\u0103, pentru Revolu\u021bia care a \u00eenceput la Timi\u0219oara, pentru \u00eenl\u0103turarea regimului comunist.\u00a0<\/p>\n<p>Trebuie s\u0103 avem grij\u0103 ca aceast\u0103 lec\u021bie a luptei, a dorin\u021bei de libertate s\u0103 fie predat\u0103 tuturor genera\u021biilor viitoare, v\u0103 rog s\u0103 p\u0103str\u0103m un moment de reculegere pentru to\u021bi cei care \u0219i-au pierdut via\u021ba \u00een lupta \u00eempotriva comunismului!\u201d, a spus Nicolae Ciuc\u0103, \u00een deschiderea discursului s\u0103u.<\/p>\n<p>Spre deosebire de nota general\u0103 a alegerilor, unde acuza\u021bii zboar\u0103 din toate taberele, Ciuc\u0103 a declarat c\u0103 nu va spune nimic despre contracandida\u021bii s\u0103i, \u00eentruc\u00e2t ace\u0219tia se portretizeaz\u0103 singuri:\u00a0\u00a0<\/p>\n<p>\u201eNu vreau s\u0103 zic niciun cuv\u00e2nt \u00eempotriva contracandida\u021bilor mei, pentru c\u0103 zic singuri. Se portretizeaz\u0103 a\u0219a cum sunt, nu a\u0219a cum trebuie pentru func\u021bia de pre\u0219edinte al Rom\u00e2niei\u201d, a spus liderul liberalilor.<\/p>\n<p>Un alt punct important abordat de Ciuc\u0103 a fost transparen\u021ba \u0219i corectitudinea procesului electoral. Acesta a reafirmat c\u0103 \u201elibertatea rom\u00e2nilor, democra\u021bia nu se joac\u0103 la ruleta ruseasc\u0103\u201d \u0219i a cerut alegeri libere \u0219i corecte, f\u0103r\u0103 influen\u021be externe sau manipulari ale rezultatelor. \u00cen acest context, liderul PNL a men\u021bionat \u00eempotriva \u201ema\u0219ina\u021biunilor binomului PSD \u2013 AUR\u201d, exprim\u00e2ndu-\u0219i convingerea c\u0103 rom\u00e2nii nu vor accepta astfel de manevre politice.<\/p>\n<p>\u201eLibertatea rom\u00e2nilor, democra\u021bia nu se joac\u0103 la ruleta ruseasc\u0103. Se ap\u0103r\u0103 \u00een mod democratic prin vot corect, cinstit. S\u0103 fie alegeri libere, nu manipulate! S\u0103 nu fie rezultatele jocului f\u0103cut pe sub mas\u0103, s\u0103 fie ale rom\u00e2nilor, a\u0219a cum cred ei c\u0103 trebuie s\u0103 fie reprezenta\u021bi.\u00a0<\/p>\n<p>Este absolut important s\u0103 le spunem rom\u00e2nilor despre ma\u0219ina\u021biunile binomului PSD \u2013 AUR. Sunt convins c\u0103 rom\u00e2nii nu-i vor l\u0103sa\u201d, a mai spus Nicolae Ciuc\u0103.<\/p>\n<p>Pe l\u00e2ng\u0103 mesajul de unitate \u0219i ap\u0103rare a valorilor democratice, Ciuc\u0103 a prezentat o viziune economic\u0103 optimist\u0103 pentru Rom\u00e2nia. Acesta a subliniat realiz\u0103rile economice din perioada guvern\u0103rii liberale, eviden\u021biind c\u0103 Rom\u00e2nia a \u00eenregistrat o cre\u0219tere economic\u0103 solid\u0103 \u00een 2022, afl\u00e2ndu-se printre primele cinci \u021b\u0103ri din Uniunea European\u0103.<\/p>\n<p>\u201eAm venit \u00een fa\u021ba tuturor rom\u00e2nilor cu o viziune, program preziden\u021bial \u0219i program de guvernare. Nu putem s\u0103 vorbim de prosperitate f\u0103r\u0103 s\u0103 asigur\u0103m politici economice liberale. \u0218i am demonstrat c\u0103 am reu\u0219it s\u0103 realiz\u0103m cre\u0219tere economic\u0103.\u00a0<\/p>\n<p>Rom\u00e2nia a avut \u00een 2022 acea cre\u0219tere economic\u0103 ce a situat-o \u00een primele 5 \u021b\u0103ri din UE, am avut cea mai mare absorb\u021bie de fonduri europene din istoria noastr\u0103, cea mai mare sum\u0103 a investi\u021biilor str\u0103ine directe. Le punem \u00een contrapondere cu guvernarea PSD. \u00cen 2022 am avut cre\u0219tere economic\u0103 s\u0103n\u0103toas\u0103, prima oar\u0103 c\u00e2nd Rom\u00e2nia a avut cre\u0219tere bazat\u0103 pe investi\u021bii, nu pe consum. Ast\u0103zi avem \u00een trimestrul 3 cre\u0219tere economic\u0103 zero, deficitul se duce aproape de 8%. Investi\u021biile str\u0103ine directe, anul acesta, erau de 3,5 mld euro, comparativ cu 10,4 mld euro.\u00a0<\/p>\n<p>Suntem singurii \u00een m\u0103sur\u0103 s\u0103 gener\u0103m absorb\u021bie de fonduri, s\u0103 c\u00e2\u0219tig\u0103m \u00eencrederea investitorilor str\u0103ini, singurii care ne-am aplecat asupra capitalului rom\u00e2nesc \u0219i mediului de afaceri din Rom\u00e2nia.\u00a0<\/p>\n<p>Nu putem s\u0103 vorbim despre cre\u0219terea pensiilor \u0219i salariilor dac\u0103 nu investim, dac\u0103 nu avem de unde s\u0103 aducem bani la bugetul de stat. Bani aduce mediul de afaceri. Datoria public\u0103 este ast\u0103zi de 53%. Rom\u00e2nia nu \u00ee\u0219i permite un deficit mare \u0219i o datorie public\u0103 mare\u201d, a declarat liderul liberalilor.<\/p>\n<p>Ciuc\u0103 a reiterat angajamentul PNL de a sus\u021bine un mediu de afaceri stabil \u0219i de a men\u021bine politica fiscal\u0103 favorabil\u0103, eviden\u021biind importan\u021ba atragerii de investi\u021bii str\u0103ine, pled\u00e2nd pentru parteneriate solide \u00eentre stat \u0219i sectorul privat.\u00a0<\/p>\n<p>\u201eStatul trebuie s\u0103 devin\u0103 partenerul mediului de afaceri, s\u0103-i asigure predictibilitate \u0219i s\u0103 men\u021bin\u0103 cota unic\u0103, a\u0219a cum ne-am angajat noi, liberalii. Noi ne propunem ca Pilonul II de pensii s\u0103 continue s\u0103 se consolideze \u0219i contribu\u021bia s\u0103 creasc\u0103. Noi ne propunem ca salariul mediu net s\u0103 creasc\u0103 de la 5.000 de lei la 7.000 lei. Ne propunem s\u0103 cre\u0219tem cu \u00eenc\u0103 400.000 de noi locuri de munc\u0103. Asta \u00eenseamn\u0103 o Rom\u00e2nie care se dezvolt\u0103\u201d, a mai spus Nicolae Ciuc\u0103.<\/p>\n<p>Un alt aspect important al discursului lui Ciuc\u0103 a fost aten\u021bia acordat\u0103 grupurilor vulnerabile. Acesta a promis cre\u0219teri \u00een finan\u021barea programelor destinate persoanelor cu dizabilit\u0103\u021bi \u0219i familiilor cu mul\u021bi copii, abord\u00e2nd problemele de integrare a acestor categorii \u00een societate \u0219i asigur\u00e2nd c\u0103 vor exista m\u0103suri eficiente \u00een acest sens.<\/p>\n<p>\u00cen ceea ce prive\u0219te tineretul, Ciuc\u0103 a subliniat importan\u021ba de a oferi tinerilor un mediu \u00een care s\u0103 se simt\u0103 valoriza\u021bi \u0219i s\u0103 aib\u0103 oportunit\u0103\u021bi de dezvoltare. El a afirmat c\u0103 solu\u021bia pentru viitorul Rom\u00e2niei se afl\u0103 \u00een m\u00e2inile genera\u021biei tinere \u0219i a promis c\u0103 PNL va milita pentru crearea unui cadru propice dezvolt\u0103rii personale \u0219i profesionale a tinerilor.<\/p>\n<p>\u201eTrebuie s\u0103 pornim de la valorile noastre identitare. Noi, oamenii, suntem o valoare. Trebuie s\u0103 pornim de la resursele noastre naturale.\u00a0<\/p>\n<p>Mi-am asumat s\u0103 candidez pentru c\u0103, dup\u0103 ce am \u00eembr\u0103cat uniforma militar\u0103 la 14 ani, \u021bara merit\u0103 s\u0103 \u00eei dau \u00eenapoi tot ce mi-a dat \u00een ace\u0219ti ani. Dac\u0103 suntem sinceri cu noi \u0219i cu Dumnezeu, ne vom da seama c\u0103 am primit ce n-am visat. Merit\u0103 s\u0103 dai \u00eenapoi ceea ce \u021bi s-a d\u0103ruit.\u00a0<\/p>\n<p>Au spus-o \u0219i colegii mei, nu sunt candidat DE profesie. Sunt candidat CU profesie.\u00a0<\/p>\n<p>Am asumat pactul cu satul rom\u00e2nesc. Trebuie s\u0103 reducem diferen\u021ba \u00eentre via\u021ba \u00een mediul rural \u0219i via\u021ba \u00een mediul urban.\u00a0<\/p>\n<p>Am asumat angajamentul de a milita pentru o via\u021b\u0103 mai bun\u0103 a persoanelor cu dizabilit\u0103\u021bi. Sunt 890.000 de persoane cu dizabilit\u0103\u021bi. Se simt marginaliza\u021bi, simt c\u0103 nu li se asigur\u0103 minimul necesar pentru un trai decent. De asemenea, pentru persoanele care sufer\u0103 de autism \u0219i Sindrom Down. Am discutat cu mamele \u0219i ta\u021bii care simt nevoia unui angajament pentru aten\u021bia prin care s\u0103 fie integra\u021bi \u00een societate. Este nevoie de m\u0103suri reale.\u00a0Familiile care au mai mult de 3 copii, despre familiile monoparentale \u2013 avem \u00een programul de guvernare asumat de mine proiecte care s\u0103 respecte familiile.\u00a0De asemenea, al patrulea angajament, companiile care deschid afaceri \u00een mediul rural \u0219i angajeaz\u0103 doamne \u0219i domni\u0219oare \u0219i care nu resimt niciun ajutor din partea statului.<\/p>\n<p>Voi milita pentru ca rom\u00e2nii s\u0103-\u0219i c\u00e2\u0219tige demnitatea \u0219i \u00eencrederea. Voi face tot ceea ce \u00eemi st\u0103 \u00een putin\u021b\u0103 ca tinerii s\u0103 se simt\u0103 pu\u0219i \u00een valoare. Singura solu\u021bie pentru viitor este genera\u021bia t\u00e2n\u0103r\u0103. Nu ne cer mult, ne cer s\u0103 se respecte valoarea, iar noi avem datoria s\u0103 a\u0219ez\u0103m setul de valori \u00een ordinea fireasc\u0103. Ne cer s\u0103 le asigur\u0103m acel cadru \u00een care s\u0103 se g\u00e2ndeasc\u0103 la o familie.\u00a0<\/p>\n<p>Nu avem altceva de f\u0103cut dec\u00e2t s\u0103 ne g\u00e2ndim la aceste lucruri normale, naturale, dar uitate de cei care ast\u0103zi vin s\u0103 ne p\u0103c\u0103leasc\u0103 din nou.\u00a0<\/p>\n<p>Ce mi-am asumat am f\u0103cut! Ast\u0103zi am vorbit mai mult, dar la Timi\u0219oara am vrut s\u0103 dau un mesaj din suflet, nu citit. Am vrut s\u0103 transmit c\u0103 nu este vorba despre Ciuc\u0103 \u0219i PNL, ci despre viitorul copiilor no\u0219tri. Nu for\u021ba\u021bi pe nimeni s\u0103 ne voteze, trebuie s\u0103 le c\u00e2\u0219tig\u0103m oamenilor \u00eencrederea. Nu avem alt\u0103 \u0219ans\u0103 dec\u00e2t s\u0103 ne baz\u0103m pe \u00eencrederea rom\u00e2nilor\u201d, a conchis liderul liberalilor.<\/p>","protected":false},"excerpt":{"rendered":"<p>Ciuc\u0103 a deschis discursul s\u0103u cu un salut cald pentru to\u021bi rom\u00e2nii, subliniind importan\u021ba de&hellip;<\/p>\n","protected":false},"author":0,"featured_media":7854,"comment_status":"open","ping_status":"open","sticky":false,"template":"","format":"standard","meta":{"footnotes":""},"categories":[2],"tags":[],"class_list":["post-7859","post","type-post","status-publish","format-standard","has-post-thumbnail","hentry","category-actual"],"_links":{"self":[{"href":"https:\/\/247stiri.ro\/index.php\/wp-json\/wp\/v2\/posts\/7859","targetHints":{"allow":["GET"]}}],"collection":[{"href":"https:\/\/247stiri.ro\/index.php\/wp-json\/wp\/v2\/posts"}],"about":[{"href":"https:\/\/247stiri.ro\/index.php\/wp-json\/wp\/v2\/types\/post"}],"replies":[{"embeddable":true,"href":"https:\/\/247stiri.ro\/index.php\/wp-json\/wp\/v2\/comments?post=7859"}],"version-history":[{"count":0,"href":"https:\/\/247stiri.ro\/index.php\/wp-json\/wp\/v2\/posts\/7859\/revisions"}],"wp:featuredmedia":[{"embeddable":true,"href":"https:\/\/247stiri.ro\/index.php\/wp-json\/wp\/v2\/media\/7854"}],"wp:attachment":[{"href":"https:\/\/247stiri.ro\/index.php\/wp-json\/wp\/v2\/media?parent=7859"}],"wp:term":[{"taxonomy":"category","embeddable":true,"href":"https:\/\/247stiri.ro\/index.php\/wp-json\/wp\/v2\/categories?post=7859"},{"taxonomy":"post_tag","embeddable":true,"href":"https:\/\/247stiri.ro\/index.php\/wp-json\/wp\/v2\/tags?post=7859"}],"curies":[{"name":"wp","href":"https:\/\/api.w.org\/{rel}","templated":true}]}}