{"id":7873,"date":"2024-11-16T14:46:59","date_gmt":"2024-11-16T14:46:59","guid":{"rendered":"https:\/\/247stiri.ro\/index.php\/2024\/11\/16\/scandal-cu-politia-la-cimitirul-unde-a-fost-inmormantat-silviu-prigoana-fosta-sotie-a-vrut-sa-fie-filmata-de-televiziuni-in-timp-ce-i-a-adus-un-omagiu\/"},"modified":"2024-11-16T14:46:59","modified_gmt":"2024-11-16T14:46:59","slug":"scandal-cu-politia-la-cimitirul-unde-a-fost-inmormantat-silviu-prigoana-fosta-sotie-a-vrut-sa-fie-filmata-de-televiziuni-in-timp-ce-i-a-adus-un-omagiu","status":"publish","type":"post","link":"https:\/\/247stiri.ro\/index.php\/2024\/11\/16\/scandal-cu-politia-la-cimitirul-unde-a-fost-inmormantat-silviu-prigoana-fosta-sotie-a-vrut-sa-fie-filmata-de-televiziuni-in-timp-ce-i-a-adus-un-omagiu\/","title":{"rendered":"Scandal cu poli\u021bia la cimitirul unde a fost \u00eenmorm\u00e2ntat Silviu Prigoan\u0103. Fosta so\u021bie a vrut s\u0103 fie filmat\u0103 de televiziuni \u00een timp ce i-a adus un omagiu"},"content":{"rendered":"<p>Trei echipaje de poli\u021bie au ajuns \u00een acest\u0103 diminea\u021b\u0103 la cimitirul unde a fost \u00eenmorm\u00e2ntat Silviu Prigoan\u0103. De\u0219i ceremonia a fost una restr\u00e2ns\u0103, la c\u00e2teva zile distan\u021b\u0103, fosta lui so\u021bie a decis s\u0103 fac\u0103 scandal. Femeia a cerut s\u0103 fie filmat\u0103 de televiziuni \u00een timp ce i-a adus un omagiu.<\/p>\n<p>Una dintre dorin\u021bele fondatorului Realitatea era ca ceremonia lui de \u00eenmorm\u00e2ntare de aici de la cimitirul evanghelic luteran s\u0103 fie una discret\u0103, la care s\u0103 participle doar rudele \u0219i c\u00e2\u021biva apropia\u021bi ai familiei.<\/p>\n<p>Silviu Prigoan\u0103 \u0219i-ar fi prezis moartea cu c\u00e2teva luni s\u0103 moar\u0103. Ar fi pl\u0103nuit inclusiv o ultim\u0103 vacan\u021b\u0103 cu copiii \u0219i familia. Moartea afaceristului a l\u0103sat durere \u00een r\u00e2ndul prietenilor \u0219i apropia\u021bilor.<\/p>\n<p>&#8222;Suntem \u00eenc\u0103 devasta\u021bi \u0219i nu putem accepta \u00eenc\u0103 moartea na\u0219ului nostru. \u00cemi vine s\u0103 pl\u00e2ng pentru c\u0103 am plans foarte mult. L-am cunoscut de 28 de ani. A fost al\u0103turi de mine, al\u0103turi de noi, de feti\u021bele noastre pe care le-a botezat, cel mai bun na\u0219 din lume&#8221;, a declarat Angela Rusu, fina lui Silviu Prigoana.<\/p>\n<p>&#8222;Cred c\u0103 pe data de&#8230; mar\u021bi c\u00e2nd se \u00eemplinesc 9 zile a\u0219 vrea s\u0103 fac un parastas \u00een memoria lui. Ne consult\u0103m s\u0103 vedem dac\u0103 vom alege o loca\u021bie. Eu a\u0219 vrea s\u0103 o fac la mine la C\u0103lug\u0103reni pentru c\u0103 am foarte mare spa\u021biu acolo. \u00cen memoria lui a\u0219 vrea s\u0103 ne \u00eent\u00e2lnim c\u00e2\u021bi mai mul\u021bi prieteni&#8221;, a spus afaceristul Catalin Hideg.&#8221;\u00cen momentul \u00een care mama mea a avut o problem\u0103 la coloan\u0103, am apelat la Sivliu pentru o protez\u0103 din asta, un br\u00e2u.\u00a0Am vorbit cu el dup\u0103 amiaz\u0103, undeva la ora patru. \u0218i Silviu mi-a zis, la ora 09 te prezin\u021bi la atelierul &#8230; cu acte medicale&#8221;, a spus Mircea M. Stoian.&#8221;Am avut un necaz, am avut o fractur\u0103 \u0219i eram \u00een Spitalul Militar, m-a ajutat cu o chestiune tehnic\u0103. Era un om al c\u0103rui cuv\u00e2nt te puteai baza&#8221;, a aratat Andrei Paunescu.<\/p>","protected":false},"excerpt":{"rendered":"<p>Trei echipaje de poli\u021bie au ajuns \u00een acest\u0103 diminea\u021b\u0103 la cimitirul unde a fost \u00eenmorm\u00e2ntat&hellip;<\/p>\n","protected":false},"author":0,"featured_media":7874,"comment_status":"open","ping_status":"open","sticky":false,"template":"","format":"standard","meta":{"footnotes":""},"categories":[2],"tags":[],"class_list":["post-7873","post","type-post","status-publish","format-standard","has-post-thumbnail","hentry","category-actual"],"_links":{"self":[{"href":"https:\/\/247stiri.ro\/index.php\/wp-json\/wp\/v2\/posts\/7873","targetHints":{"allow":["GET"]}}],"collection":[{"href":"https:\/\/247stiri.ro\/index.php\/wp-json\/wp\/v2\/posts"}],"about":[{"href":"https:\/\/247stiri.ro\/index.php\/wp-json\/wp\/v2\/types\/post"}],"replies":[{"embeddable":true,"href":"https:\/\/247stiri.ro\/index.php\/wp-json\/wp\/v2\/comments?post=7873"}],"version-history":[{"count":0,"href":"https:\/\/247stiri.ro\/index.php\/wp-json\/wp\/v2\/posts\/7873\/revisions"}],"wp:featuredmedia":[{"embeddable":true,"href":"https:\/\/247stiri.ro\/index.php\/wp-json\/wp\/v2\/media\/7874"}],"wp:attachment":[{"href":"https:\/\/247stiri.ro\/index.php\/wp-json\/wp\/v2\/media?parent=7873"}],"wp:term":[{"taxonomy":"category","embeddable":true,"href":"https:\/\/247stiri.ro\/index.php\/wp-json\/wp\/v2\/categories?post=7873"},{"taxonomy":"post_tag","embeddable":true,"href":"https:\/\/247stiri.ro\/index.php\/wp-json\/wp\/v2\/tags?post=7873"}],"curies":[{"name":"wp","href":"https:\/\/api.w.org\/{rel}","templated":true}]}}