{"id":7881,"date":"2024-11-16T15:44:48","date_gmt":"2024-11-16T15:44:48","guid":{"rendered":"https:\/\/247stiri.ro\/index.php\/2024\/11\/16\/interpret-celebru-de-muzica-populara-in-lacrimi-suntem-distrusi-de-durere\/"},"modified":"2024-11-16T15:44:48","modified_gmt":"2024-11-16T15:44:48","slug":"interpret-celebru-de-muzica-populara-in-lacrimi-suntem-distrusi-de-durere","status":"publish","type":"post","link":"https:\/\/247stiri.ro\/index.php\/2024\/11\/16\/interpret-celebru-de-muzica-populara-in-lacrimi-suntem-distrusi-de-durere\/","title":{"rendered":"Interpret celebru de muzic\u0103 popular\u0103, \u00een lacrimi: Suntem distru\u0219i de durere"},"content":{"rendered":"<p>Igor Cuciuc spune c\u0103 fiica sa a murit dup\u0103 Balului Bobocilor, la liceul unde \u00eenv\u0103\u021ba. Mai mult, acesta d\u0103 vina pe serviciul de ambulan\u021b\u0103 care a ajuns, din p\u0103cate, prea t\u00e2rziu la Andreea.<\/p>\n<p>&#8222;A venit salvarea peste 7 minute, neechipat\u0103&#8230; Au sunat \u0219i a venit a doua salvare peste 20 minute cu aparat respirator, dar prea t\u00e2rziu! Au \u00eencercat 45 minute s\u0103 o alimenteze cu oxigen \u0219i nu au putut s\u0103 o aduc\u0103 la via\u021b\u0103! Nu \u0219tiu ce s\u0103 zic\u201d, a men\u021bionat artistul pe Facebook.<\/p>\n<p>Interpretul de muzic\u0103 popular\u0103 obi\u0219nuia s\u0103 c\u00e2nte al\u0103turi de fiica sa \u0219i s\u0103 o ia cu el peste tot.<\/p>\n<p>&#8222;Vreau s\u0103 aduc faima in tara..sa fie mandru tatal meu&#8221;, spunea fiica acestuia, intr-o emisiune TV.<\/p>\n<p>&#8222;Mai multi colegi mi-au spus \u201eB\u0103i, c\u00e2nt\u0103 mai bine decat tine\u201d.. Este o mandrie pentru mine&#8221;, declara interpretul de muzic\u0103 popular\u0103.<\/p>\n<p>&#8222;Am pierdut tot ce aveam mai scump. De ce a\u0219a devreme, la 17 ani \u0219i 4 luni? \u00cengera\u0219ul nostru, tu erai sensul vie\u021bii, de ce ne-ai l\u0103sat, Andreea, singuri? M\u00e2ndria noastr\u0103 frumoas\u0103, inteligen\u021b\u0103 ginga\u0219\u0103, cum sa tr\u0103im f\u0103r\u0103 tine? Suntem distru\u0219i, nu mai putem de durere&#8221;, a scris acesta \u00eentr-un mesaj pe o re\u021bea de socializare.<\/p>\n\n<p>Acum, \u00eentreaga familie \u0219i apropia\u021bii fetei sunt \u00een stare de \u0219oc \u0219i a\u0219teapt\u0103 expertiza medico-legal\u0103. Circumstan\u021bele mor\u021bii sunt investigate acum \u00een cadrul unui dosar penal.\u00a0<\/p>","protected":false},"excerpt":{"rendered":"<p>Igor Cuciuc spune c\u0103 fiica sa a murit dup\u0103 Balului Bobocilor, la liceul unde \u00eenv\u0103\u021ba.&hellip;<\/p>\n","protected":false},"author":0,"featured_media":7882,"comment_status":"open","ping_status":"open","sticky":false,"template":"","format":"standard","meta":{"footnotes":""},"categories":[2],"tags":[],"class_list":["post-7881","post","type-post","status-publish","format-standard","has-post-thumbnail","hentry","category-actual"],"_links":{"self":[{"href":"https:\/\/247stiri.ro\/index.php\/wp-json\/wp\/v2\/posts\/7881","targetHints":{"allow":["GET"]}}],"collection":[{"href":"https:\/\/247stiri.ro\/index.php\/wp-json\/wp\/v2\/posts"}],"about":[{"href":"https:\/\/247stiri.ro\/index.php\/wp-json\/wp\/v2\/types\/post"}],"replies":[{"embeddable":true,"href":"https:\/\/247stiri.ro\/index.php\/wp-json\/wp\/v2\/comments?post=7881"}],"version-history":[{"count":0,"href":"https:\/\/247stiri.ro\/index.php\/wp-json\/wp\/v2\/posts\/7881\/revisions"}],"wp:featuredmedia":[{"embeddable":true,"href":"https:\/\/247stiri.ro\/index.php\/wp-json\/wp\/v2\/media\/7882"}],"wp:attachment":[{"href":"https:\/\/247stiri.ro\/index.php\/wp-json\/wp\/v2\/media?parent=7881"}],"wp:term":[{"taxonomy":"category","embeddable":true,"href":"https:\/\/247stiri.ro\/index.php\/wp-json\/wp\/v2\/categories?post=7881"},{"taxonomy":"post_tag","embeddable":true,"href":"https:\/\/247stiri.ro\/index.php\/wp-json\/wp\/v2\/tags?post=7881"}],"curies":[{"name":"wp","href":"https:\/\/api.w.org\/{rel}","templated":true}]}}