{"id":7885,"date":"2024-11-16T15:44:48","date_gmt":"2024-11-16T15:44:48","guid":{"rendered":"https:\/\/247stiri.ro\/index.php\/2024\/11\/16\/petrecere-terminata-cu-o-crima-un-tanar-de-18-ani-a-fost-injunghiat-mortal-intr-o-pensiune-din-apropierea-siretului\/"},"modified":"2024-11-16T15:44:48","modified_gmt":"2024-11-16T15:44:48","slug":"petrecere-terminata-cu-o-crima-un-tanar-de-18-ani-a-fost-injunghiat-mortal-intr-o-pensiune-din-apropierea-siretului","status":"publish","type":"post","link":"https:\/\/247stiri.ro\/index.php\/2024\/11\/16\/petrecere-terminata-cu-o-crima-un-tanar-de-18-ani-a-fost-injunghiat-mortal-intr-o-pensiune-din-apropierea-siretului\/","title":{"rendered":"Petrecere, terminat\u0103 cu o CRIM\u0102! Un t\u00e2n\u0103r de 18 ani a fost \u00eenjunghiat MORTAL \u00eentr-o pensiune din apropierea Siretului"},"content":{"rendered":"<p>&#8222;Din primele verific\u0103ri, s-a constatat c\u0103 la pensiunea respectiv\u0103 s-a organizat o petrecere privat\u0103 la care au participat mai mul\u0163i tineri. La un moment dat, \u00eentre doi tineri a avut loc un conflict spontan, unul dintre ace\u015ftia lovindu-l pe cel\u0103lalt cu un obiect ascu\u0163it-\u00een\u0163ep\u0103tor \u00een zona toracic\u0103. Victima, un t\u00e2n\u0103r de 18 ani, a fost transportat\u0103 la o unitate medical\u0103, \u00eens\u0103 ulterior a decedat&#8221;, a declarat purt\u0103torul de cuv\u00e2nt al Inspectoratului de Poli\u0163ie Jude\u0163ean (IPJ) Suceava, Ionu\u0163 Epureanu.<\/p>\n<p><a href=\"https:\/\/www.realitatea.net\/stiri\/actual\/crima-de-la-arad-magistratii-au-decis-toti-cei-trei-suspecti-vor-fi-arestati-preventiv-pentru-30-de-zile_6734d4ba172b8174917b2312\" target=\"_blank\">Crima de la Arad. Magistra\u021bii au decis: To\u021bi cei trei suspec\u021bi vor fi aresta\u021bi preventiv pentru 30 de zile<\/a><\/p>\n<p>\u00cen cauz\u0103 s-a \u00eentocmit dosar penal sub aspectul s\u0103v\u00e2r\u015firii infrac\u0163iunii de omor, persoana b\u0103nuit\u0103 de comiterea faptei fiind preluat\u0103 pentru audieri.Ancheta a fost preluat\u0103 de c\u0103tre procuror criminalist din cadrul Parchetului de pe l\u00e2ng\u0103 Tribunalul Suceava.<\/p>","protected":false},"excerpt":{"rendered":"<p>&#8222;Din primele verific\u0103ri, s-a constatat c\u0103 la pensiunea respectiv\u0103 s-a organizat o petrecere privat\u0103 la&hellip;<\/p>\n","protected":false},"author":0,"featured_media":7886,"comment_status":"open","ping_status":"open","sticky":false,"template":"","format":"standard","meta":{"footnotes":""},"categories":[2],"tags":[],"class_list":["post-7885","post","type-post","status-publish","format-standard","has-post-thumbnail","hentry","category-actual"],"_links":{"self":[{"href":"https:\/\/247stiri.ro\/index.php\/wp-json\/wp\/v2\/posts\/7885","targetHints":{"allow":["GET"]}}],"collection":[{"href":"https:\/\/247stiri.ro\/index.php\/wp-json\/wp\/v2\/posts"}],"about":[{"href":"https:\/\/247stiri.ro\/index.php\/wp-json\/wp\/v2\/types\/post"}],"replies":[{"embeddable":true,"href":"https:\/\/247stiri.ro\/index.php\/wp-json\/wp\/v2\/comments?post=7885"}],"version-history":[{"count":0,"href":"https:\/\/247stiri.ro\/index.php\/wp-json\/wp\/v2\/posts\/7885\/revisions"}],"wp:featuredmedia":[{"embeddable":true,"href":"https:\/\/247stiri.ro\/index.php\/wp-json\/wp\/v2\/media\/7886"}],"wp:attachment":[{"href":"https:\/\/247stiri.ro\/index.php\/wp-json\/wp\/v2\/media?parent=7885"}],"wp:term":[{"taxonomy":"category","embeddable":true,"href":"https:\/\/247stiri.ro\/index.php\/wp-json\/wp\/v2\/categories?post=7885"},{"taxonomy":"post_tag","embeddable":true,"href":"https:\/\/247stiri.ro\/index.php\/wp-json\/wp\/v2\/tags?post=7885"}],"curies":[{"name":"wp","href":"https:\/\/api.w.org\/{rel}","templated":true}]}}