{"id":7893,"date":"2024-11-16T16:44:48","date_gmt":"2024-11-16T16:44:48","guid":{"rendered":"https:\/\/247stiri.ro\/index.php\/2024\/11\/16\/cristian-brancu-prigoana-ar-fi-vrut-sa-faca-o-ultima-vacanta-cu-familia-informatii-nestiute-din-viata-cunoscutului-afacerist\/"},"modified":"2024-11-16T16:44:48","modified_gmt":"2024-11-16T16:44:48","slug":"cristian-brancu-prigoana-ar-fi-vrut-sa-faca-o-ultima-vacanta-cu-familia-informatii-nestiute-din-viata-cunoscutului-afacerist","status":"publish","type":"post","link":"https:\/\/247stiri.ro\/index.php\/2024\/11\/16\/cristian-brancu-prigoana-ar-fi-vrut-sa-faca-o-ultima-vacanta-cu-familia-informatii-nestiute-din-viata-cunoscutului-afacerist\/","title":{"rendered":"Cristian Brancu: Prigoan\u0103 ar fi vrut s\u0103 fac\u0103 o ultim\u0103 vacan\u021b\u0103 cu familia. Informa\u021bii ne\u0219tiute din via\u021ba cunoscutului afacerist"},"content":{"rendered":"<p>&#8222;A fost tot timpul preg\u0103tit s\u0103 plece de pe aceast\u0103 lume \u0219i din acest motiv, acesta este motivul principal pentru care el a preg\u0103tit minu\u021bios \u00eenmorm\u00e2ntarea.<\/p>\n<p>Au fost probleme cardiace vechi. Moartea copila\u0219ului lui, Darius care a murit la 3 s\u0103pt\u0103m\u00e2ni \u0219i moartea tat\u0103lui lui din august de care a avut grij\u0103 \u00eentr-un mod absolut exemplar. Toate acestea l-au f\u0103cut pe el s\u0103 fie mai preg\u0103tit \u0219i mai \u00eemp\u0103cat cu aceast\u0103 idee.<\/p>\n\n<p>S\u0103pt\u0103m\u00e2na trecut\u0103 i-a spus Mihaelei, femeia din ultimii 7,8 ani ai vie\u021bii lui Silviu Prigoan\u0103 c\u0103 are ceva important s\u0103 \u00eei spun\u0103, s\u0103 o anun\u021be \u0219i s\u0103 preg\u0103teasc\u0103 o vacan\u021b\u0103 cu copiii, cu cei doi copii ai lui, cu cei trei a ei, Mihaelei, pentru c\u0103 va fi ultima mare vacan\u021b\u0103 \u00eempreun\u0103.<\/p>\n<p>Ea a stast cu el p\u00e2n\u0103 c\u00e2nd trupul lui Silviu Prigoan\u0103 a fost luat de acolo.<\/p>\n<p>E foarte interesant c\u0103 Prigoan\u0103 nu a vrut ca Mihaela s\u0103 vin\u0103 la \u00eenmorm\u00e2ntare ci doar b\u0103ie\u021bii lui.<\/p>\n<p>Mihaela a venit a doua zi la cimitir.<\/p>\n<p>El \u0219tia c\u0103 urma ceva s\u0103 se \u00eent\u00e2mple. Exist\u0103 doctori care l-au anun\u021bat. Nu cred c\u0103 \u0219tia c\u0103 se va \u00eent\u00e2mpla at\u00e2t de repede dar avusese timp s\u0103 \u00ee\u0219i a\u0219eze toate aceste lucruri, fiind m\u0103cinat \u00een ultimii ani de suferin\u021b\u0103&#8221;, a declarat Cristian Branciu.\u00a0<\/p>","protected":false},"excerpt":{"rendered":"<p>&#8222;A fost tot timpul preg\u0103tit s\u0103 plece de pe aceast\u0103 lume \u0219i din acest motiv,&hellip;<\/p>\n","protected":false},"author":0,"featured_media":7894,"comment_status":"open","ping_status":"open","sticky":false,"template":"","format":"standard","meta":{"footnotes":""},"categories":[2],"tags":[],"class_list":["post-7893","post","type-post","status-publish","format-standard","has-post-thumbnail","hentry","category-actual"],"_links":{"self":[{"href":"https:\/\/247stiri.ro\/index.php\/wp-json\/wp\/v2\/posts\/7893","targetHints":{"allow":["GET"]}}],"collection":[{"href":"https:\/\/247stiri.ro\/index.php\/wp-json\/wp\/v2\/posts"}],"about":[{"href":"https:\/\/247stiri.ro\/index.php\/wp-json\/wp\/v2\/types\/post"}],"replies":[{"embeddable":true,"href":"https:\/\/247stiri.ro\/index.php\/wp-json\/wp\/v2\/comments?post=7893"}],"version-history":[{"count":0,"href":"https:\/\/247stiri.ro\/index.php\/wp-json\/wp\/v2\/posts\/7893\/revisions"}],"wp:featuredmedia":[{"embeddable":true,"href":"https:\/\/247stiri.ro\/index.php\/wp-json\/wp\/v2\/media\/7894"}],"wp:attachment":[{"href":"https:\/\/247stiri.ro\/index.php\/wp-json\/wp\/v2\/media?parent=7893"}],"wp:term":[{"taxonomy":"category","embeddable":true,"href":"https:\/\/247stiri.ro\/index.php\/wp-json\/wp\/v2\/categories?post=7893"},{"taxonomy":"post_tag","embeddable":true,"href":"https:\/\/247stiri.ro\/index.php\/wp-json\/wp\/v2\/tags?post=7893"}],"curies":[{"name":"wp","href":"https:\/\/api.w.org\/{rel}","templated":true}]}}