{"id":7905,"date":"2024-11-16T17:44:48","date_gmt":"2024-11-16T17:44:48","guid":{"rendered":"https:\/\/247stiri.ro\/index.php\/2024\/11\/16\/rares-bogdan-atac-dur-la-usr-vor-sa-l-anuleze-pe-mos-craciun\/"},"modified":"2024-11-16T17:44:48","modified_gmt":"2024-11-16T17:44:48","slug":"rares-bogdan-atac-dur-la-usr-vor-sa-l-anuleze-pe-mos-craciun","status":"publish","type":"post","link":"https:\/\/247stiri.ro\/index.php\/2024\/11\/16\/rares-bogdan-atac-dur-la-usr-vor-sa-l-anuleze-pe-mos-craciun\/","title":{"rendered":"Rare\u0219 Bogdan, atac dur la USR: Vor s\u0103-l anuleze pe Mo\u0219 Cr\u0103ciun!"},"content":{"rendered":"<p>&#8222;Pe l\u00e2ng\u0103 toate astea mai avem ceva: avem un reprezentant woke. \u0218ti\u021bi ce e woke? \u0102\u0219tia sunt cei care doreau s\u0103 r\u0103m\u00e2n\u0103 b\u0103rba\u021bii \u00eens\u0103rcina\u021bi, care vor s\u0103-l anuleze pe Mo\u0219 Cr\u0103ciun, care nu vor s\u0103 spun\u0103 Hristos a \u00eenviat!, Cr\u0103ciun fericit!, care nu cred \u00een N\u0103sc\u0103toare \u0219i care, peste toate astea, vor s\u0103 ard\u0103 c\u0103r\u021bi \u0219i s\u0103 ne explice cum e mai bine \u00eentr-o comunitate larg\u0103, f\u0103r\u0103 mam\u0103, f\u0103r\u0103 tat\u0103, s\u0103 spunem p\u0103rinte unu \u0219i doi!<\/p>\n<p><a href=\"https:\/\/www.realitatea.net\/stiri\/actual\/rares-bogdan-despre-nicolae-ciuca-a-absolvit-sef-de-promotie-are-legiunea-de-merit-a-sua-cea-mai-inalta-distinctie-pe-care-o-primeste-un-militar-strain-din-partea-statelor-unite-ale-americii_67387a6e03f2d91fde2ec4f2\" target=\"_blank\">Rare\u0219 Bogdan, despre Nicolae Ciuc\u0103: A absolvit \u0219ef de promo\u021bie, are Legiunea de Merit a SUA, cea mai \u00eenalt\u0103 distinc\u021bie pe care o prime\u0219te un militar str\u0103in din partea Statelor Unite ale Americii<\/a><\/p>\n<p>Voi l-a\u021bi ales primar pe unul din \u0103sta, fereasc\u0103 Dumnezeu s\u0103 ne g\u00e2ndim s\u0103 putem pune \u0219i un pre\u0219edinte din aceea\u0219i mare familie politic\u0103 neomarxist\u0103 SI peste toate astea, cel mai periculos, Simion, omul care s-a \u00eent\u00e2lnit cu agen\u021bi GRU, FSB \u0219i care vrea s\u0103 duc\u0103 Rom\u00e2nia \u00een apropierea lui Putin&#8221;, a declarat prim-vicepre\u015fedintele PNL.\u00a0<\/p>","protected":false},"excerpt":{"rendered":"<p>&#8222;Pe l\u00e2ng\u0103 toate astea mai avem ceva: avem un reprezentant woke. \u0218ti\u021bi ce e woke?&hellip;<\/p>\n","protected":false},"author":0,"featured_media":7906,"comment_status":"open","ping_status":"open","sticky":false,"template":"","format":"standard","meta":{"footnotes":""},"categories":[3],"tags":[],"class_list":["post-7905","post","type-post","status-publish","format-standard","has-post-thumbnail","hentry","category-politica"],"_links":{"self":[{"href":"https:\/\/247stiri.ro\/index.php\/wp-json\/wp\/v2\/posts\/7905","targetHints":{"allow":["GET"]}}],"collection":[{"href":"https:\/\/247stiri.ro\/index.php\/wp-json\/wp\/v2\/posts"}],"about":[{"href":"https:\/\/247stiri.ro\/index.php\/wp-json\/wp\/v2\/types\/post"}],"replies":[{"embeddable":true,"href":"https:\/\/247stiri.ro\/index.php\/wp-json\/wp\/v2\/comments?post=7905"}],"version-history":[{"count":0,"href":"https:\/\/247stiri.ro\/index.php\/wp-json\/wp\/v2\/posts\/7905\/revisions"}],"wp:featuredmedia":[{"embeddable":true,"href":"https:\/\/247stiri.ro\/index.php\/wp-json\/wp\/v2\/media\/7906"}],"wp:attachment":[{"href":"https:\/\/247stiri.ro\/index.php\/wp-json\/wp\/v2\/media?parent=7905"}],"wp:term":[{"taxonomy":"category","embeddable":true,"href":"https:\/\/247stiri.ro\/index.php\/wp-json\/wp\/v2\/categories?post=7905"},{"taxonomy":"post_tag","embeddable":true,"href":"https:\/\/247stiri.ro\/index.php\/wp-json\/wp\/v2\/tags?post=7905"}],"curies":[{"name":"wp","href":"https:\/\/api.w.org\/{rel}","templated":true}]}}